{"id":318609,"date":"2026-03-10T17:52:22","date_gmt":"2026-03-10T16:52:22","guid":{"rendered":"https:\/\/www.evearly.news\/fr\/je-lai-conduit-et-cest-vraiment-impressionnant-la-porsche-718-electrique-va-bien-voir-le-jour\/"},"modified":"2026-03-10T17:52:22","modified_gmt":"2026-03-10T16:52:22","slug":"je-lai-conduit-et-cest-vraiment-impressionnant-la-porsche-718-electrique-va-bien-voir-le-jour","status":"publish","type":"post","link":"https:\/\/www.evearly.news\/fr\/je-lai-conduit-et-cest-vraiment-impressionnant-la-porsche-718-electrique-va-bien-voir-le-jour\/","title":{"rendered":"\u00ab Je l\u2019ai conduit et c\u2019est vraiment impressionnant \u00bb : la Porsche 718 \u00e9lectrique va bien voir le jour"},"content":{"rendered":"<p><img width=\"1200\" height=\"675\" src=\"https:\/\/www.evearly.news\/fr\/wp-content\/uploads\/sites\/6\/2026\/03\/je-lai-conduit-et-cest-vraiment-impressionnant-la-porsche-718-electrique-va-bien-voir-le-jour.jpg\" class=\"attachment-full size-full wp-post-image\" alt=\"\" decoding=\"async\" loading=\"lazy\" \/<br \/>\nLe successeur \u00e9lectrique des 718 Boxster et Cayman semble bien toujours en vie. Mais entre les d\u00e9boires industriels accumul\u00e9s et les doutes persistants autour de l&rsquo;\u00e9lectrique et des voitures de sport, Porsche aurait sans doute pr\u00e9f\u00e9r\u00e9 une autre conjoncture pour lancer sa vraie premi\u00e8re sportive \u00e9lectrique.<br \/>\n <a href=https:\/\/www.frandroid.com\/marques\/porsche\/3007727_je-lai-conduit-et-cest-vraiment-impressionnant-la-porsche-718-electrique-va-bien-voir-le-jour target='blank'>Lire la suite&#8230;<\/a><\/p>\n","protected":false},"excerpt":{"rendered":"<p>&lt;img width=&quot;1200&quot; height=&quot;675&quot; src=&quot;https:\/\/www.evearly.news\/fr\/wp-content\/uploads\/sites\/6\/2026\/03\/je-lai-conduit-et-cest-vraiment-impressionnant-la-porsche-718-electrique-va-bien-voir-le-jour.jpg&quot; class=&quot;attachment-full size-full wp-post-image&quot; alt=&quot;&quot; decoding=&quot;async&quot; loading=&quot;lazy&quot; \/<br \/>\nLe successeur \u00e9lectrique des 718 Boxster et Cayman semble bien toujours en vie. Mais entre les d\u00e9boires industriels accumul\u00e9s et les doutes persistants autour de l&rsquo;\u00e9lectrique et des voitures de sport, Porsche aurait sans doute pr\u00e9f\u00e9r\u00e9 une autre conjoncture pour lancer sa vraie premi\u00e8re sportive \u00e9lectrique.\n<\/p>\n<p> <a class=\"continue-reading-link\" href=\"https:\/\/www.evearly.news\/fr\/je-lai-conduit-et-cest-vraiment-impressionnant-la-porsche-718-electrique-va-bien-voir-le-jour\/\"><\/a><\/p>\n","protected":false},"author":6,"featured_media":318610,"comment_status":"closed","ping_status":"open","sticky":false,"template":"Default","format":"standard","meta":{"footnotes":""},"categories":[14],"tags":[],"class_list":["post-318609","post","type-post","status-publish","format-standard","has-post-thumbnail","hentry","category-frandroid"],"_links":{"self":[{"href":"https:\/\/www.evearly.news\/fr\/wp-json\/wp\/v2\/posts\/318609","targetHints":{"allow":["GET"]}}],"collection":[{"href":"https:\/\/www.evearly.news\/fr\/wp-json\/wp\/v2\/posts"}],"about":[{"href":"https:\/\/www.evearly.news\/fr\/wp-json\/wp\/v2\/types\/post"}],"author":[{"embeddable":true,"href":"https:\/\/www.evearly.news\/fr\/wp-json\/wp\/v2\/users\/6"}],"replies":[{"embeddable":true,"href":"https:\/\/www.evearly.news\/fr\/wp-json\/wp\/v2\/comments?post=318609"}],"version-history":[{"count":0,"href":"https:\/\/www.evearly.news\/fr\/wp-json\/wp\/v2\/posts\/318609\/revisions"}],"wp:featuredmedia":[{"embeddable":true,"href":"https:\/\/www.evearly.news\/fr\/wp-json\/wp\/v2\/media\/318610"}],"wp:attachment":[{"href":"https:\/\/www.evearly.news\/fr\/wp-json\/wp\/v2\/media?parent=318609"}],"wp:term":[{"taxonomy":"category","embeddable":true,"href":"https:\/\/www.evearly.news\/fr\/wp-json\/wp\/v2\/categories?post=318609"},{"taxonomy":"post_tag","embeddable":true,"href":"https:\/\/www.evearly.news\/fr\/wp-json\/wp\/v2\/tags?post=318609"}],"curies":[{"name":"wp","href":"https:\/\/api.w.org\/{rel}","templated":true}]}}