{"id":318611,"date":"2026-03-10T17:52:43","date_gmt":"2026-03-10T16:52:43","guid":{"rendered":"https:\/\/www.evearly.news\/fr\/pourquoi-byd-va-continuer-a-vendre-des-voitures-electriques-equipees-danciennes-batteries\/"},"modified":"2026-03-10T17:52:43","modified_gmt":"2026-03-10T16:52:43","slug":"pourquoi-byd-va-continuer-a-vendre-des-voitures-electriques-equipees-danciennes-batteries","status":"publish","type":"post","link":"https:\/\/www.evearly.news\/fr\/pourquoi-byd-va-continuer-a-vendre-des-voitures-electriques-equipees-danciennes-batteries\/","title":{"rendered":"Pourquoi BYD va continuer \u00e0 vendre des voitures \u00e9lectriques \u00e9quip\u00e9es d\u2019anciennes batteries"},"content":{"rendered":"<p><img width=\"1200\" height=\"675\" src=\"https:\/\/www.evearly.news\/fr\/wp-content\/uploads\/sites\/6\/2026\/03\/pourquoi-byd-va-continuer-a-vendre-des-voitures-electriques-equipees-danciennes-batteries.jpg\" class=\"attachment-full size-full wp-post-image\" alt=\"\" decoding=\"async\" loading=\"lazy\" \/<br \/>\nBYD vient d&rsquo;annoncer une nouvelle g\u00e9n\u00e9ration de batterie capable de se recharger en seulement 9 minutes. Mais plut\u00f4t que de tourner la page, BYD a choisi de conserver l&rsquo;ancienne technologie en parall\u00e8le. Une bonne nouvelle pour les clients en qu\u00eate d&rsquo;une voiture \u00e9lectrique plus abordable.<br \/>\n <a href=https:\/\/www.frandroid.com\/marques\/byd\/3007299_pourquoi-byd-va-continuer-a-vendre-des-voitures-electriques-equipees-danciennes-batteries target='blank'>Lire la suite&#8230;<\/a><\/p>\n","protected":false},"excerpt":{"rendered":"<p>&lt;img width=&quot;1200&quot; height=&quot;675&quot; src=&quot;https:\/\/www.evearly.news\/fr\/wp-content\/uploads\/sites\/6\/2026\/03\/pourquoi-byd-va-continuer-a-vendre-des-voitures-electriques-equipees-danciennes-batteries.jpg&quot; class=&quot;attachment-full size-full wp-post-image&quot; alt=&quot;&quot; decoding=&quot;async&quot; loading=&quot;lazy&quot; \/<br \/>\nBYD vient d&rsquo;annoncer une nouvelle g\u00e9n\u00e9ration de batterie capable de se recharger en seulement 9 minutes. Mais plut\u00f4t que de tourner la page, BYD a choisi de conserver l&rsquo;ancienne technologie en parall\u00e8le. Une bonne nouvelle pour les clients en qu\u00eate d&rsquo;une voiture \u00e9lectrique plus abordable.\n<\/p>\n<p> <a class=\"continue-reading-link\" href=\"https:\/\/www.evearly.news\/fr\/pourquoi-byd-va-continuer-a-vendre-des-voitures-electriques-equipees-danciennes-batteries\/\"><\/a><\/p>\n","protected":false},"author":6,"featured_media":318612,"comment_status":"closed","ping_status":"open","sticky":false,"template":"Default","format":"standard","meta":{"footnotes":""},"categories":[14],"tags":[],"class_list":["post-318611","post","type-post","status-publish","format-standard","has-post-thumbnail","hentry","category-frandroid"],"_links":{"self":[{"href":"https:\/\/www.evearly.news\/fr\/wp-json\/wp\/v2\/posts\/318611","targetHints":{"allow":["GET"]}}],"collection":[{"href":"https:\/\/www.evearly.news\/fr\/wp-json\/wp\/v2\/posts"}],"about":[{"href":"https:\/\/www.evearly.news\/fr\/wp-json\/wp\/v2\/types\/post"}],"author":[{"embeddable":true,"href":"https:\/\/www.evearly.news\/fr\/wp-json\/wp\/v2\/users\/6"}],"replies":[{"embeddable":true,"href":"https:\/\/www.evearly.news\/fr\/wp-json\/wp\/v2\/comments?post=318611"}],"version-history":[{"count":0,"href":"https:\/\/www.evearly.news\/fr\/wp-json\/wp\/v2\/posts\/318611\/revisions"}],"wp:featuredmedia":[{"embeddable":true,"href":"https:\/\/www.evearly.news\/fr\/wp-json\/wp\/v2\/media\/318612"}],"wp:attachment":[{"href":"https:\/\/www.evearly.news\/fr\/wp-json\/wp\/v2\/media?parent=318611"}],"wp:term":[{"taxonomy":"category","embeddable":true,"href":"https:\/\/www.evearly.news\/fr\/wp-json\/wp\/v2\/categories?post=318611"},{"taxonomy":"post_tag","embeddable":true,"href":"https:\/\/www.evearly.news\/fr\/wp-json\/wp\/v2\/tags?post=318611"}],"curies":[{"name":"wp","href":"https:\/\/api.w.org\/{rel}","templated":true}]}}