{"id":318613,"date":"2026-03-10T18:25:19","date_gmt":"2026-03-10T17:25:19","guid":{"rendered":"https:\/\/www.evearly.news\/fr\/quel-prix-pour-la-mg4-restylee\/"},"modified":"2026-03-10T18:25:19","modified_gmt":"2026-03-10T17:25:19","slug":"quel-prix-pour-la-mg4-restylee","status":"publish","type":"post","link":"https:\/\/www.evearly.news\/fr\/quel-prix-pour-la-mg4-restylee\/","title":{"rendered":"Quel prix pour la MG4 restyl\u00e9e ?"},"content":{"rendered":"<p><img decoding=\"async\" src=\"https:\/\/www.evearly.news\/fr\/wp-content\/uploads\/sites\/6\/2026\/03\/quel-prix-pour-la-mg4-restylee.webp\" alt=\"auto-moto\"><br \/>MG d\u00e9voile les tarifs de la MG4 restyl\u00e9e. Malgr\u00e9 l\u2019absence de bonus \u00e9cologique, la compacte \u00e9lectrique reste fid\u00e8le \u00e0 sa recette : une belle autonomie, un \u00e9quipement g\u00e9n\u00e9reux et surtout un prix tr\u00e8s serr\u00e9 gr\u00e2ce \u00e0 une remise de 6 000 \u20ac. <a href=https:\/\/www.auto-moto.com\/prix-du-neuf\/prix-mg4-restylee-71099 target=blank>Lire la suite&#8230;<\/a><\/p>\n","protected":false},"excerpt":{"rendered":"<p>MG d\u00e9voile les tarifs de la MG4 restyl\u00e9e. Malgr\u00e9 l\u2019absence de bonus \u00e9cologique, la compacte \u00e9lectrique reste fid\u00e8le \u00e0 sa recette : une belle autonomie, un \u00e9quipement g\u00e9n\u00e9reux et surtout un prix tr\u00e8s serr\u00e9 gr\u00e2ce \u00e0 une remise de 6 000 \u20ac&#8230;. <a class=\"continue-reading-link\" href=\"https:\/\/www.evearly.news\/fr\/quel-prix-pour-la-mg4-restylee\/\"><\/a><\/p>\n","protected":false},"author":9,"featured_media":318614,"comment_status":"closed","ping_status":"open","sticky":false,"template":"Default","format":"standard","meta":{"footnotes":""},"categories":[10],"tags":[],"class_list":["post-318613","post","type-post","status-publish","format-standard","has-post-thumbnail","hentry","category-auto-moto-com"],"_links":{"self":[{"href":"https:\/\/www.evearly.news\/fr\/wp-json\/wp\/v2\/posts\/318613","targetHints":{"allow":["GET"]}}],"collection":[{"href":"https:\/\/www.evearly.news\/fr\/wp-json\/wp\/v2\/posts"}],"about":[{"href":"https:\/\/www.evearly.news\/fr\/wp-json\/wp\/v2\/types\/post"}],"author":[{"embeddable":true,"href":"https:\/\/www.evearly.news\/fr\/wp-json\/wp\/v2\/users\/9"}],"replies":[{"embeddable":true,"href":"https:\/\/www.evearly.news\/fr\/wp-json\/wp\/v2\/comments?post=318613"}],"version-history":[{"count":0,"href":"https:\/\/www.evearly.news\/fr\/wp-json\/wp\/v2\/posts\/318613\/revisions"}],"wp:featuredmedia":[{"embeddable":true,"href":"https:\/\/www.evearly.news\/fr\/wp-json\/wp\/v2\/media\/318614"}],"wp:attachment":[{"href":"https:\/\/www.evearly.news\/fr\/wp-json\/wp\/v2\/media?parent=318613"}],"wp:term":[{"taxonomy":"category","embeddable":true,"href":"https:\/\/www.evearly.news\/fr\/wp-json\/wp\/v2\/categories?post=318613"},{"taxonomy":"post_tag","embeddable":true,"href":"https:\/\/www.evearly.news\/fr\/wp-json\/wp\/v2\/tags?post=318613"}],"curies":[{"name":"wp","href":"https:\/\/api.w.org\/{rel}","templated":true}]}}