{"id":318621,"date":"2026-03-10T19:35:29","date_gmt":"2026-03-10T18:35:29","guid":{"rendered":"https:\/\/www.evearly.news\/fr\/byd-annonce-une-recharge-ultra-rapide-a-1-500-kw-avec-la-batterie-blade-2-0\/"},"modified":"2026-03-11T07:37:45","modified_gmt":"2026-03-11T06:37:45","slug":"byd-annonce-une-recharge-ultra-rapide-a-1-500-kw-avec-la-batterie-blade-2-0","status":"publish","type":"post","link":"https:\/\/www.evearly.news\/fr\/byd-annonce-une-recharge-ultra-rapide-a-1-500-kw-avec-la-batterie-blade-2-0\/","title":{"rendered":"BYD annonce une recharge ultra-rapide \u00e0 1 500 kW avec la batterie Blade 2.0"},"content":{"rendered":"<p><img decoding=\"async\" src=\"https:\/\/electriquemag.fr\/wp-content\/uploads\/2026\/03\/Systeme-integre-BYD-combinant-solaire-stockage-et-recharge-scaled.jpg\" \/><br \/>\nLe constructeur chinois BYD, aujourd\u2019hui premier fabricant mondial de v\u00e9hicules \u00e0 \u00e9nergies nouvelles, annonce une avanc\u00e9e importante dans la recharge ultra rapide BYD avec sa technologie FLASH Charging. Associ\u00e9e \u00e0 la seconde g\u00e9n\u00e9ration de la batterie Blade, cette solution promet des temps de recharge tr\u00e8s courts. L\u2019autonomie progresse \u00e9galement. L\u2019objectif est clair : lever l\u2019un des derniers freins \u00e0 l\u2019adoption\u2026 <a href=\"https:\/\/electriquemag.fr\/byd-recharge-ultra-rapide-flash-charging\/\" target=\"bwindow\">Lire la suite&#8230;<\/a><\/p>\n","protected":false},"excerpt":{"rendered":"<p>&#8230; <a class=\"continue-reading-link\" href=\"https:\/\/www.evearly.news\/fr\/byd-annonce-une-recharge-ultra-rapide-a-1-500-kw-avec-la-batterie-blade-2-0\/\"><\/a><\/p>\n","protected":false},"author":13,"featured_media":0,"comment_status":"closed","ping_status":"open","sticky":false,"template":"Default","format":"standard","meta":{"footnotes":""},"categories":[13],"tags":[],"class_list":["post-318621","post","type-post","status-publish","format-standard","hentry","category-electriquemag"],"_links":{"self":[{"href":"https:\/\/www.evearly.news\/fr\/wp-json\/wp\/v2\/posts\/318621","targetHints":{"allow":["GET"]}}],"collection":[{"href":"https:\/\/www.evearly.news\/fr\/wp-json\/wp\/v2\/posts"}],"about":[{"href":"https:\/\/www.evearly.news\/fr\/wp-json\/wp\/v2\/types\/post"}],"author":[{"embeddable":true,"href":"https:\/\/www.evearly.news\/fr\/wp-json\/wp\/v2\/users\/13"}],"replies":[{"embeddable":true,"href":"https:\/\/www.evearly.news\/fr\/wp-json\/wp\/v2\/comments?post=318621"}],"version-history":[{"count":1,"href":"https:\/\/www.evearly.news\/fr\/wp-json\/wp\/v2\/posts\/318621\/revisions"}],"predecessor-version":[{"id":318640,"href":"https:\/\/www.evearly.news\/fr\/wp-json\/wp\/v2\/posts\/318621\/revisions\/318640"}],"wp:attachment":[{"href":"https:\/\/www.evearly.news\/fr\/wp-json\/wp\/v2\/media?parent=318621"}],"wp:term":[{"taxonomy":"category","embeddable":true,"href":"https:\/\/www.evearly.news\/fr\/wp-json\/wp\/v2\/categories?post=318621"},{"taxonomy":"post_tag","embeddable":true,"href":"https:\/\/www.evearly.news\/fr\/wp-json\/wp\/v2\/tags?post=318621"}],"curies":[{"name":"wp","href":"https:\/\/api.w.org\/{rel}","templated":true}]}}