{"id":318626,"date":"2026-03-10T19:50:37","date_gmt":"2026-03-10T18:50:37","guid":{"rendered":"https:\/\/www.evearly.news\/fr\/je-suis-monte-a-bord-du-mercedes-benz-vle-pourquoi-je-pense-que-ce-van-electrique-na-aucun-rival-en-europe\/"},"modified":"2026-03-10T19:50:37","modified_gmt":"2026-03-10T18:50:37","slug":"je-suis-monte-a-bord-du-mercedes-benz-vle-pourquoi-je-pense-que-ce-van-electrique-na-aucun-rival-en-europe","status":"publish","type":"post","link":"https:\/\/www.evearly.news\/fr\/je-suis-monte-a-bord-du-mercedes-benz-vle-pourquoi-je-pense-que-ce-van-electrique-na-aucun-rival-en-europe\/","title":{"rendered":"Je suis mont\u00e9 \u00e0 bord du Mercedes-Benz VLE : pourquoi je pense que ce van \u00e9lectrique n\u2019a aucun rival en Europe"},"content":{"rendered":"<p><img width=\"1200\" height=\"675\" src=\"https:\/\/www.evearly.news\/fr\/wp-content\/uploads\/sites\/6\/2026\/03\/je-suis-monte-a-bord-du-mercedes-benz-vle-pourquoi-je-pense-que-ce-van-electrique-na-aucun-rival-en-europe.jpg\" class=\"attachment-full size-full wp-post-image\" alt=\"\" decoding=\"async\" loading=\"lazy\" \/<br \/>\nJe suis mont\u00e9 \u00e0 bord du Mercedes-Benz VLE, le nouveau van \u00e9lectrique de la marque. Promettant de ravir aussi bien les taxis parisiens que les VIP chinois, il met en avant sa technologie d\u00e9bordante et ses 700 km d&rsquo;autonomie gr\u00e2ce \u00e0 une plateforme d\u00e9di\u00e9e. Voici mes premi\u00e8res impressions.<br \/>\n <a href=https:\/\/www.frandroid.com\/marques\/mercedes-benz\/2967999_je-suis-monte-a-bord-du-mercedes-benz-vle-pourquoi-je-pense-que-ce-van-electrique-na-aucun-rival-en-europe target='blank'>Lire la suite&#8230;<\/a><\/p>\n","protected":false},"excerpt":{"rendered":"<p>&lt;img width=&quot;1200&quot; height=&quot;675&quot; src=&quot;https:\/\/www.evearly.news\/fr\/wp-content\/uploads\/sites\/6\/2026\/03\/je-suis-monte-a-bord-du-mercedes-benz-vle-pourquoi-je-pense-que-ce-van-electrique-na-aucun-rival-en-europe.jpg&quot; class=&quot;attachment-full size-full wp-post-image&quot; alt=&quot;&quot; decoding=&quot;async&quot; loading=&quot;lazy&quot; \/<br \/>\nJe suis mont\u00e9 \u00e0 bord du Mercedes-Benz VLE, le nouveau van \u00e9lectrique de la marque. Promettant de ravir aussi bien les taxis parisiens que les VIP chinois, il met en avant sa technologie d\u00e9bordante et ses 700 km d&rsquo;autonomie gr\u00e2ce \u00e0 une plateforme d\u00e9di\u00e9e. Voici mes premi\u00e8res impressions.\n<\/p>\n<p> <a class=\"continue-reading-link\" href=\"https:\/\/www.evearly.news\/fr\/je-suis-monte-a-bord-du-mercedes-benz-vle-pourquoi-je-pense-que-ce-van-electrique-na-aucun-rival-en-europe\/\"><\/a><\/p>\n","protected":false},"author":6,"featured_media":318627,"comment_status":"closed","ping_status":"open","sticky":false,"template":"Default","format":"standard","meta":{"footnotes":""},"categories":[14],"tags":[],"class_list":["post-318626","post","type-post","status-publish","format-standard","has-post-thumbnail","hentry","category-frandroid"],"_links":{"self":[{"href":"https:\/\/www.evearly.news\/fr\/wp-json\/wp\/v2\/posts\/318626","targetHints":{"allow":["GET"]}}],"collection":[{"href":"https:\/\/www.evearly.news\/fr\/wp-json\/wp\/v2\/posts"}],"about":[{"href":"https:\/\/www.evearly.news\/fr\/wp-json\/wp\/v2\/types\/post"}],"author":[{"embeddable":true,"href":"https:\/\/www.evearly.news\/fr\/wp-json\/wp\/v2\/users\/6"}],"replies":[{"embeddable":true,"href":"https:\/\/www.evearly.news\/fr\/wp-json\/wp\/v2\/comments?post=318626"}],"version-history":[{"count":0,"href":"https:\/\/www.evearly.news\/fr\/wp-json\/wp\/v2\/posts\/318626\/revisions"}],"wp:featuredmedia":[{"embeddable":true,"href":"https:\/\/www.evearly.news\/fr\/wp-json\/wp\/v2\/media\/318627"}],"wp:attachment":[{"href":"https:\/\/www.evearly.news\/fr\/wp-json\/wp\/v2\/media?parent=318626"}],"wp:term":[{"taxonomy":"category","embeddable":true,"href":"https:\/\/www.evearly.news\/fr\/wp-json\/wp\/v2\/categories?post=318626"},{"taxonomy":"post_tag","embeddable":true,"href":"https:\/\/www.evearly.news\/fr\/wp-json\/wp\/v2\/tags?post=318626"}],"curies":[{"name":"wp","href":"https:\/\/api.w.org\/{rel}","templated":true}]}}