{"id":318628,"date":"2026-03-10T19:51:07","date_gmt":"2026-03-10T18:51:07","guid":{"rendered":"https:\/\/www.evearly.news\/fr\/voici-le-mercedes-benz-vle-un-van-electrique-avec-plus-de-700-km-dautonomie-et-une-recharge-ultra-rapide\/"},"modified":"2026-03-10T19:51:07","modified_gmt":"2026-03-10T18:51:07","slug":"voici-le-mercedes-benz-vle-un-van-electrique-avec-plus-de-700-km-dautonomie-et-une-recharge-ultra-rapide","status":"publish","type":"post","link":"https:\/\/www.evearly.news\/fr\/voici-le-mercedes-benz-vle-un-van-electrique-avec-plus-de-700-km-dautonomie-et-une-recharge-ultra-rapide\/","title":{"rendered":"Voici le Mercedes-Benz VLE, un van \u00e9lectrique avec plus de 700 km d\u2019autonomie et une recharge ultra rapide"},"content":{"rendered":"<p><img width=\"1200\" height=\"675\" src=\"https:\/\/www.evearly.news\/fr\/wp-content\/uploads\/sites\/6\/2026\/03\/voici-le-mercedes-benz-vle-un-van-electrique-avec-plus-de-700-km-dautonomie-et-une-recharge-ultra-rapide.jpg\" class=\"attachment-full size-full wp-post-image\" alt=\"\" decoding=\"async\" loading=\"lazy\" \/<br \/>\nVoici le Mercedes-Benz VLE, le nouveau van \u00e9lectrique de la marque. Bas\u00e9 sur une plateforme in\u00e9dite, il veut s\u00e9duire aussi bien les familles nombreuses que les taxis et les VTC avec un d\u00e9luge de technologie, une autonomie d\u00e9passant les 700 km et une recharge tr\u00e8s rapide.<br \/>\n <a href=https:\/\/www.frandroid.com\/marques\/mercedes-benz\/2993877_voici-le-mercedes-benz-vle-un-van-electrique-avec-plus-de-700-km-dautonomie-et-une-recharge-ultra-rapide target='blank'>Lire la suite&#8230;<\/a><\/p>\n","protected":false},"excerpt":{"rendered":"<p>&lt;img width=&quot;1200&quot; height=&quot;675&quot; src=&quot;https:\/\/www.evearly.news\/fr\/wp-content\/uploads\/sites\/6\/2026\/03\/voici-le-mercedes-benz-vle-un-van-electrique-avec-plus-de-700-km-dautonomie-et-une-recharge-ultra-rapide.jpg&quot; class=&quot;attachment-full size-full wp-post-image&quot; alt=&quot;&quot; decoding=&quot;async&quot; loading=&quot;lazy&quot; \/<br \/>\nVoici le Mercedes-Benz VLE, le nouveau van \u00e9lectrique de la marque. Bas\u00e9 sur une plateforme in\u00e9dite, il veut s\u00e9duire aussi bien les familles nombreuses que les taxis et les VTC avec un d\u00e9luge de technologie, une autonomie d\u00e9passant les 700 km et une recharge tr\u00e8s rapide.\n<\/p>\n<p> <a class=\"continue-reading-link\" href=\"https:\/\/www.evearly.news\/fr\/voici-le-mercedes-benz-vle-un-van-electrique-avec-plus-de-700-km-dautonomie-et-une-recharge-ultra-rapide\/\"><\/a><\/p>\n","protected":false},"author":6,"featured_media":318629,"comment_status":"closed","ping_status":"open","sticky":false,"template":"Default","format":"standard","meta":{"footnotes":""},"categories":[14],"tags":[],"class_list":["post-318628","post","type-post","status-publish","format-standard","has-post-thumbnail","hentry","category-frandroid"],"_links":{"self":[{"href":"https:\/\/www.evearly.news\/fr\/wp-json\/wp\/v2\/posts\/318628","targetHints":{"allow":["GET"]}}],"collection":[{"href":"https:\/\/www.evearly.news\/fr\/wp-json\/wp\/v2\/posts"}],"about":[{"href":"https:\/\/www.evearly.news\/fr\/wp-json\/wp\/v2\/types\/post"}],"author":[{"embeddable":true,"href":"https:\/\/www.evearly.news\/fr\/wp-json\/wp\/v2\/users\/6"}],"replies":[{"embeddable":true,"href":"https:\/\/www.evearly.news\/fr\/wp-json\/wp\/v2\/comments?post=318628"}],"version-history":[{"count":0,"href":"https:\/\/www.evearly.news\/fr\/wp-json\/wp\/v2\/posts\/318628\/revisions"}],"wp:featuredmedia":[{"embeddable":true,"href":"https:\/\/www.evearly.news\/fr\/wp-json\/wp\/v2\/media\/318629"}],"wp:attachment":[{"href":"https:\/\/www.evearly.news\/fr\/wp-json\/wp\/v2\/media?parent=318628"}],"wp:term":[{"taxonomy":"category","embeddable":true,"href":"https:\/\/www.evearly.news\/fr\/wp-json\/wp\/v2\/categories?post=318628"},{"taxonomy":"post_tag","embeddable":true,"href":"https:\/\/www.evearly.news\/fr\/wp-json\/wp\/v2\/tags?post=318628"}],"curies":[{"name":"wp","href":"https:\/\/api.w.org\/{rel}","templated":true}]}}