{"id":318630,"date":"2026-03-10T20:27:31","date_gmt":"2026-03-10T19:27:31","guid":{"rendered":"https:\/\/www.evearly.news\/fr\/mercedes-vle-premiere-rencontre-avec-le-luxueux-van-100-electrique\/"},"modified":"2026-03-10T20:27:31","modified_gmt":"2026-03-10T19:27:31","slug":"mercedes-vle-premiere-rencontre-avec-le-luxueux-van-100-electrique","status":"publish","type":"post","link":"https:\/\/www.evearly.news\/fr\/mercedes-vle-premiere-rencontre-avec-le-luxueux-van-100-electrique\/","title":{"rendered":"Mercedes VLE : premi\u00e8re rencontre avec le luxueux van 100% \u00e9lectrique"},"content":{"rendered":"<p><img decoding=\"async\" src=\"https:\/\/www.evearly.news\/fr\/wp-content\/uploads\/sites\/6\/2026\/03\/mercedes-vle-premiere-rencontre-avec-le-luxueux-van-100-electrique.webp\" alt=\"auto-moto\"><br \/>Annonc\u00e9 par le prototype Vision V \u00e0 Shanghai en 2025, le Mercedes VLE inaugure une nouvelle famille d\u2019utilitaires sur une plateforme revisit\u00e9e. Entre limousine luxueuse et van de transport de troupes, nous avons rencontr\u00e9 ce rempla\u00e7ant de l\u2019EQV dans son fief en Allemagne. <a href=https:\/\/www.auto-moto.com\/electrique\/mercedes-vle-71010 target=blank>Lire la suite&#8230;<\/a><\/p>\n","protected":false},"excerpt":{"rendered":"<p>Annonc\u00e9 par le prototype Vision V \u00e0 Shanghai en 2025, le Mercedes VLE inaugure une nouvelle famille d\u2019utilitaires sur une plateforme revisit\u00e9e. Entre limousine luxueuse et van de transport de troupes, nous avons rencontr\u00e9 ce rempla\u00e7ant de l\u2019EQV dans son fief en Allemagne&#8230;. <a class=\"continue-reading-link\" href=\"https:\/\/www.evearly.news\/fr\/mercedes-vle-premiere-rencontre-avec-le-luxueux-van-100-electrique\/\"><\/a><\/p>\n","protected":false},"author":9,"featured_media":318631,"comment_status":"closed","ping_status":"open","sticky":false,"template":"Default","format":"standard","meta":{"footnotes":""},"categories":[10],"tags":[],"class_list":["post-318630","post","type-post","status-publish","format-standard","has-post-thumbnail","hentry","category-auto-moto-com"],"_links":{"self":[{"href":"https:\/\/www.evearly.news\/fr\/wp-json\/wp\/v2\/posts\/318630","targetHints":{"allow":["GET"]}}],"collection":[{"href":"https:\/\/www.evearly.news\/fr\/wp-json\/wp\/v2\/posts"}],"about":[{"href":"https:\/\/www.evearly.news\/fr\/wp-json\/wp\/v2\/types\/post"}],"author":[{"embeddable":true,"href":"https:\/\/www.evearly.news\/fr\/wp-json\/wp\/v2\/users\/9"}],"replies":[{"embeddable":true,"href":"https:\/\/www.evearly.news\/fr\/wp-json\/wp\/v2\/comments?post=318630"}],"version-history":[{"count":0,"href":"https:\/\/www.evearly.news\/fr\/wp-json\/wp\/v2\/posts\/318630\/revisions"}],"wp:featuredmedia":[{"embeddable":true,"href":"https:\/\/www.evearly.news\/fr\/wp-json\/wp\/v2\/media\/318631"}],"wp:attachment":[{"href":"https:\/\/www.evearly.news\/fr\/wp-json\/wp\/v2\/media?parent=318630"}],"wp:term":[{"taxonomy":"category","embeddable":true,"href":"https:\/\/www.evearly.news\/fr\/wp-json\/wp\/v2\/categories?post=318630"},{"taxonomy":"post_tag","embeddable":true,"href":"https:\/\/www.evearly.news\/fr\/wp-json\/wp\/v2\/tags?post=318630"}],"curies":[{"name":"wp","href":"https:\/\/api.w.org\/{rel}","templated":true}]}}