{"id":318632,"date":"2026-03-10T19:00:42","date_gmt":"2026-03-10T18:00:42","guid":{"rendered":"https:\/\/www.evearly.news\/fr\/renault-pense-ne-plus-vendre-une-seule-voiture-100-thermique-en-europe-en-2030-mais-cest-un-abus-de-language\/"},"modified":"2026-03-10T19:00:42","modified_gmt":"2026-03-10T18:00:42","slug":"renault-pense-ne-plus-vendre-une-seule-voiture-100-thermique-en-europe-en-2030-mais-cest-un-abus-de-language","status":"publish","type":"post","link":"https:\/\/www.evearly.news\/fr\/renault-pense-ne-plus-vendre-une-seule-voiture-100-thermique-en-europe-en-2030-mais-cest-un-abus-de-language\/","title":{"rendered":"Renault pense ne plus vendre\u00a0une seule voiture 100% thermique en Europe en 2030, mais c\u2019est un abus de language"},"content":{"rendered":"<p><img decoding=\"async\" src=\"https:\/\/www.evearly.news\/fr\/wp-content\/uploads\/sites\/6\/2026\/03\/renault-pense-ne-plus-vendre-une-seule-voiture-100-thermique-en-europe-en-2030-mais-cest-un-abus-de-language.jpg\" alt=\"caradisiac\" ><br \/>Le grand patron de Renault a lev\u00e9 le voile sur ses projets les plus importants d\u2019ici la fin de la d\u00e9cennie. Au menu\u00a0: des voitures \u00e9lectriques bien plus performantes, des hybrides \u00ab\u00a0\u00e0 l\u2019ancienne\u00a0\u00bb et des v\u00e9hicules \u00e9lectriques \u00e0 prolongateur d\u2019autonomie thermique. Avec 100\u00a0% de voitures \u00e9lectrifi\u00e9es en Europe en 2030, mais en comptant tous les degr\u00e9s d\u2019hybridation. <a href=https:\/\/www.caradisiac.com\/renault-pense-ne-plus-vendre-une-seule-voiture-100-thermique-en-europe-en-2030-mais-c-est-un-abus-de-language-220854.htm#xtor=RSS-40 target=blank>Lire la suite&#8230;<\/a><\/p>\n","protected":false},"excerpt":{"rendered":"<p><img decoding=\"async\" src=\"https:\/\/www.evearly.news\/fr\/wp-content\/uploads\/sites\/6\/2026\/03\/renault-pense-ne-plus-vendre-une-seule-voiture-100-thermique-en-europe-en-2030-mais-cest-un-abus-de-language.jpg\" alt=\"caradisiac\"><br \/>Le grand patron de Renault a lev\u00e9 le voile sur ses projets les plus importants d\u2019ici la fin de la d\u00e9cennie. Au menu\u00a0: des voitures \u00e9lectriques bien plus performantes, des hybrides \u00ab\u00a0\u00e0 l\u2019ancienne\u00a0\u00bb et des v\u00e9hicules \u00e9lectriques \u00e0 prolongateur d\u2019autonomie thermique. Avec 100\u00a0% de voitures \u00e9lectrifi\u00e9es en Europe en 2030, mais en comptant tous les degr\u00e9s d\u2019hybridation.<\/p>\n<p> <a class=\"continue-reading-link\" href=\"https:\/\/www.evearly.news\/fr\/renault-pense-ne-plus-vendre-une-seule-voiture-100-thermique-en-europe-en-2030-mais-cest-un-abus-de-language\/\"><\/a><\/p>\n","protected":false},"author":11,"featured_media":318633,"comment_status":"closed","ping_status":"open","sticky":false,"template":"Default","format":"standard","meta":{"footnotes":""},"categories":[11],"tags":[],"class_list":["post-318632","post","type-post","status-publish","format-standard","has-post-thumbnail","hentry","category-caradisiac"],"_links":{"self":[{"href":"https:\/\/www.evearly.news\/fr\/wp-json\/wp\/v2\/posts\/318632","targetHints":{"allow":["GET"]}}],"collection":[{"href":"https:\/\/www.evearly.news\/fr\/wp-json\/wp\/v2\/posts"}],"about":[{"href":"https:\/\/www.evearly.news\/fr\/wp-json\/wp\/v2\/types\/post"}],"author":[{"embeddable":true,"href":"https:\/\/www.evearly.news\/fr\/wp-json\/wp\/v2\/users\/11"}],"replies":[{"embeddable":true,"href":"https:\/\/www.evearly.news\/fr\/wp-json\/wp\/v2\/comments?post=318632"}],"version-history":[{"count":0,"href":"https:\/\/www.evearly.news\/fr\/wp-json\/wp\/v2\/posts\/318632\/revisions"}],"wp:featuredmedia":[{"embeddable":true,"href":"https:\/\/www.evearly.news\/fr\/wp-json\/wp\/v2\/media\/318633"}],"wp:attachment":[{"href":"https:\/\/www.evearly.news\/fr\/wp-json\/wp\/v2\/media?parent=318632"}],"wp:term":[{"taxonomy":"category","embeddable":true,"href":"https:\/\/www.evearly.news\/fr\/wp-json\/wp\/v2\/categories?post=318632"},{"taxonomy":"post_tag","embeddable":true,"href":"https:\/\/www.evearly.news\/fr\/wp-json\/wp\/v2\/tags?post=318632"}],"curies":[{"name":"wp","href":"https:\/\/api.w.org\/{rel}","templated":true}]}}