{"id":318634,"date":"2026-03-10T20:43:40","date_gmt":"2026-03-10T19:43:40","guid":{"rendered":"https:\/\/www.evearly.news\/fr\/nouveau-mercedes-vle-nos-premieres-impressions-a-bord\/"},"modified":"2026-03-10T20:43:40","modified_gmt":"2026-03-10T19:43:40","slug":"nouveau-mercedes-vle-nos-premieres-impressions-a-bord","status":"publish","type":"post","link":"https:\/\/www.evearly.news\/fr\/nouveau-mercedes-vle-nos-premieres-impressions-a-bord\/","title":{"rendered":"Nouveau Mercedes VLE : nos premi\u00e8res impressions \u00e0 bord"},"content":{"rendered":"<div class=\"media_block\"><img decoding=\"async\" src=\"https:\/\/www.evearly.news\/fr\/wp-content\/uploads\/sites\/6\/2026\/03\/nouveau-mercedes-vle-nos-premieres-impressions-a-bord.jpg\"><\/div>\n<p>Pour remplacer son EQV lanc\u00e9 en 2019, d\u00e9rivant lui-m\u00eame du Classe V datant de 2014, Mercedes \u00e0 mis les bouch\u00e9es doubles. Voici le VLE, un mod\u00e8le \u00e0 vocation mondiale se voulant encore plus chic. Il d\u00e9butera sa carri\u00e8re en 100% \u00e9lectrique avant de compl\u00e9ter son offre \u00e0 l\u2019aide d\u2019indispensables variantes thermiques hybrid\u00e9es. Technologie 800 V, autonomie de 700 km et charge rapide permettront-elles de convaincre les flottes et les utilisateurs de navettes haut de gamme de franchir le pas de l\u2019\u00e9lectrique ? Nous avons pris place \u00e0 son bord et aussi test\u00e9 sa maniabilit\u00e9. Voici notre avis. <a href=https:\/\/www.automobile-magazine.fr\/voitures-electriques\/article\/51266-nouveau-mercedes-vle-nos-premieres-impressions-a-bord target='bwindow'>Lire la suite&#8230;<\/a><\/p>\n","protected":false},"excerpt":{"rendered":"<div class=\"media_block\"><img decoding=\"async\" src=\"https:\/\/www.evearly.news\/fr\/wp-content\/uploads\/sites\/6\/2026\/03\/nouveau-mercedes-vle-nos-premieres-impressions-a-bord.jpg\"><\/div>\n<p> <a class=\"continue-reading-link\" href=\"https:\/\/www.evearly.news\/fr\/nouveau-mercedes-vle-nos-premieres-impressions-a-bord\/\"><\/a><\/p>\n","protected":false},"author":7,"featured_media":318635,"comment_status":"closed","ping_status":"open","sticky":false,"template":"Default","format":"standard","meta":{"footnotes":""},"categories":[7],"tags":[],"class_list":["post-318634","post","type-post","status-publish","format-standard","has-post-thumbnail","hentry","category-automobile-magazine"],"_links":{"self":[{"href":"https:\/\/www.evearly.news\/fr\/wp-json\/wp\/v2\/posts\/318634","targetHints":{"allow":["GET"]}}],"collection":[{"href":"https:\/\/www.evearly.news\/fr\/wp-json\/wp\/v2\/posts"}],"about":[{"href":"https:\/\/www.evearly.news\/fr\/wp-json\/wp\/v2\/types\/post"}],"author":[{"embeddable":true,"href":"https:\/\/www.evearly.news\/fr\/wp-json\/wp\/v2\/users\/7"}],"replies":[{"embeddable":true,"href":"https:\/\/www.evearly.news\/fr\/wp-json\/wp\/v2\/comments?post=318634"}],"version-history":[{"count":0,"href":"https:\/\/www.evearly.news\/fr\/wp-json\/wp\/v2\/posts\/318634\/revisions"}],"wp:featuredmedia":[{"embeddable":true,"href":"https:\/\/www.evearly.news\/fr\/wp-json\/wp\/v2\/media\/318635"}],"wp:attachment":[{"href":"https:\/\/www.evearly.news\/fr\/wp-json\/wp\/v2\/media?parent=318634"}],"wp:term":[{"taxonomy":"category","embeddable":true,"href":"https:\/\/www.evearly.news\/fr\/wp-json\/wp\/v2\/categories?post=318634"},{"taxonomy":"post_tag","embeddable":true,"href":"https:\/\/www.evearly.news\/fr\/wp-json\/wp\/v2\/tags?post=318634"}],"curies":[{"name":"wp","href":"https:\/\/api.w.org\/{rel}","templated":true}]}}