{"id":318649,"date":"2026-03-11T09:37:49","date_gmt":"2026-03-11T08:37:49","guid":{"rendered":"https:\/\/www.evearly.news\/fr\/autonomie-amelioree-et-arrivee-dandroid-comment-le-ford-explorer-electrique-est-devenu-enfin-mature\/"},"modified":"2026-03-11T09:37:49","modified_gmt":"2026-03-11T08:37:49","slug":"autonomie-amelioree-et-arrivee-dandroid-comment-le-ford-explorer-electrique-est-devenu-enfin-mature","status":"publish","type":"post","link":"https:\/\/www.evearly.news\/fr\/autonomie-amelioree-et-arrivee-dandroid-comment-le-ford-explorer-electrique-est-devenu-enfin-mature\/","title":{"rendered":"Autonomie am\u00e9lior\u00e9e et arriv\u00e9e d\u2019Android : comment le Ford Explorer \u00e9lectrique est devenu (enfin) mature"},"content":{"rendered":"<p><img width=\"1200\" height=\"675\" src=\"https:\/\/www.evearly.news\/fr\/wp-content\/uploads\/sites\/6\/2026\/03\/autonomie-amelioree-et-arrivee-dandroid-comment-le-ford-explorer-electrique-est-devenu-enfin-mature.jpg\" class=\"attachment-full size-full wp-post-image\" alt=\"\" decoding=\"async\" loading=\"lazy\" \/<br \/>\nFord fait \u00e9voluer son Explorer. Le SUV \u00e9lectrique, bas\u00e9 sur la plateforme MEB du groupe Volkswagen, gagne en autonomie et en \u00e9quipements \u00e0 bord pour atteindre la maturit\u00e9.<br \/>\n <a href=https:\/\/www.frandroid.com\/marques\/ford\/3008437_autonomie-amelioree-et-arrivee-dandroid-comment-le-ford-explorer-electrique-est-devenu-enfin-mature target='blank'>Lire la suite&#8230;<\/a><\/p>\n","protected":false},"excerpt":{"rendered":"<p>&lt;img width=&quot;1200&quot; height=&quot;675&quot; src=&quot;https:\/\/www.evearly.news\/fr\/wp-content\/uploads\/sites\/6\/2026\/03\/autonomie-amelioree-et-arrivee-dandroid-comment-le-ford-explorer-electrique-est-devenu-enfin-mature.jpg&quot; class=&quot;attachment-full size-full wp-post-image&quot; alt=&quot;&quot; decoding=&quot;async&quot; loading=&quot;lazy&quot; \/<br \/>\nFord fait \u00e9voluer son Explorer. Le SUV \u00e9lectrique, bas\u00e9 sur la plateforme MEB du groupe Volkswagen, gagne en autonomie et en \u00e9quipements \u00e0 bord pour atteindre la maturit\u00e9.\n<\/p>\n<p> <a class=\"continue-reading-link\" href=\"https:\/\/www.evearly.news\/fr\/autonomie-amelioree-et-arrivee-dandroid-comment-le-ford-explorer-electrique-est-devenu-enfin-mature\/\"><\/a><\/p>\n","protected":false},"author":6,"featured_media":318650,"comment_status":"closed","ping_status":"open","sticky":false,"template":"Default","format":"standard","meta":{"footnotes":""},"categories":[14],"tags":[],"class_list":["post-318649","post","type-post","status-publish","format-standard","has-post-thumbnail","hentry","category-frandroid"],"_links":{"self":[{"href":"https:\/\/www.evearly.news\/fr\/wp-json\/wp\/v2\/posts\/318649","targetHints":{"allow":["GET"]}}],"collection":[{"href":"https:\/\/www.evearly.news\/fr\/wp-json\/wp\/v2\/posts"}],"about":[{"href":"https:\/\/www.evearly.news\/fr\/wp-json\/wp\/v2\/types\/post"}],"author":[{"embeddable":true,"href":"https:\/\/www.evearly.news\/fr\/wp-json\/wp\/v2\/users\/6"}],"replies":[{"embeddable":true,"href":"https:\/\/www.evearly.news\/fr\/wp-json\/wp\/v2\/comments?post=318649"}],"version-history":[{"count":0,"href":"https:\/\/www.evearly.news\/fr\/wp-json\/wp\/v2\/posts\/318649\/revisions"}],"wp:featuredmedia":[{"embeddable":true,"href":"https:\/\/www.evearly.news\/fr\/wp-json\/wp\/v2\/media\/318650"}],"wp:attachment":[{"href":"https:\/\/www.evearly.news\/fr\/wp-json\/wp\/v2\/media?parent=318649"}],"wp:term":[{"taxonomy":"category","embeddable":true,"href":"https:\/\/www.evearly.news\/fr\/wp-json\/wp\/v2\/categories?post=318649"},{"taxonomy":"post_tag","embeddable":true,"href":"https:\/\/www.evearly.news\/fr\/wp-json\/wp\/v2\/tags?post=318649"}],"curies":[{"name":"wp","href":"https:\/\/api.w.org\/{rel}","templated":true}]}}