{"id":318651,"date":"2026-03-11T09:38:42","date_gmt":"2026-03-11T08:38:42","guid":{"rendered":"https:\/\/www.evearly.news\/fr\/byd-voici-ses-11-voitures-electriques-compatibles-avec-la-recharge-en-5-minutes-et-celles-qui-arriveront-en-europe\/"},"modified":"2026-03-11T09:38:42","modified_gmt":"2026-03-11T08:38:42","slug":"byd-voici-ses-11-voitures-electriques-compatibles-avec-la-recharge-en-5-minutes-et-celles-qui-arriveront-en-europe","status":"publish","type":"post","link":"https:\/\/www.evearly.news\/fr\/byd-voici-ses-11-voitures-electriques-compatibles-avec-la-recharge-en-5-minutes-et-celles-qui-arriveront-en-europe\/","title":{"rendered":"BYD : voici ses 11 voitures \u00e9lectriques compatibles avec la recharge en 5 minutes, et celles qui arriveront en Europe"},"content":{"rendered":"<p><img width=\"1200\" height=\"675\" src=\"https:\/\/www.evearly.news\/fr\/wp-content\/uploads\/sites\/6\/2026\/03\/byd-voici-ses-11-voitures-electriques-compatibles-avec-la-recharge-en-5-minutes-et-celles-qui-arriveront-en-europe.jpg\" class=\"attachment-full size-full wp-post-image\" alt=\"\" decoding=\"async\" loading=\"lazy\" \/<br \/>\nBYD a lanc\u00e9 sa nouvelle g\u00e9n\u00e9ration de Flash Charging, promettant une recharge enti\u00e8re en 9 minutes. La bonne nouvelle, c&rsquo;est que 11 voitures \u00e9lectriques et hybrides rechargeables sont d\u00e9j\u00e0 compatibles, avant son arriv\u00e9e en Europe. On les a list\u00e9es.<br \/>\n <a href=https:\/\/www.frandroid.com\/marques\/byd\/3008443_byd-voici-ses-11-voitures-electriques-compatibles-avec-la-recharge-en-5-minutes-et-celles-qui-arriveront-en-europe target='blank'>Lire la suite&#8230;<\/a><\/p>\n","protected":false},"excerpt":{"rendered":"<p>&lt;img width=&quot;1200&quot; height=&quot;675&quot; src=&quot;https:\/\/www.evearly.news\/fr\/wp-content\/uploads\/sites\/6\/2026\/03\/byd-voici-ses-11-voitures-electriques-compatibles-avec-la-recharge-en-5-minutes-et-celles-qui-arriveront-en-europe.jpg&quot; class=&quot;attachment-full size-full wp-post-image&quot; alt=&quot;&quot; decoding=&quot;async&quot; loading=&quot;lazy&quot; \/<br \/>\nBYD a lanc\u00e9 sa nouvelle g\u00e9n\u00e9ration de Flash Charging, promettant une recharge enti\u00e8re en 9 minutes. La bonne nouvelle, c&rsquo;est que 11 voitures \u00e9lectriques et hybrides rechargeables sont d\u00e9j\u00e0 compatibles, avant son arriv\u00e9e en Europe. On les a list\u00e9es.\n<\/p>\n<p> <a class=\"continue-reading-link\" href=\"https:\/\/www.evearly.news\/fr\/byd-voici-ses-11-voitures-electriques-compatibles-avec-la-recharge-en-5-minutes-et-celles-qui-arriveront-en-europe\/\"><\/a><\/p>\n","protected":false},"author":6,"featured_media":318652,"comment_status":"closed","ping_status":"open","sticky":false,"template":"Default","format":"standard","meta":{"footnotes":""},"categories":[14],"tags":[],"class_list":["post-318651","post","type-post","status-publish","format-standard","has-post-thumbnail","hentry","category-frandroid"],"_links":{"self":[{"href":"https:\/\/www.evearly.news\/fr\/wp-json\/wp\/v2\/posts\/318651","targetHints":{"allow":["GET"]}}],"collection":[{"href":"https:\/\/www.evearly.news\/fr\/wp-json\/wp\/v2\/posts"}],"about":[{"href":"https:\/\/www.evearly.news\/fr\/wp-json\/wp\/v2\/types\/post"}],"author":[{"embeddable":true,"href":"https:\/\/www.evearly.news\/fr\/wp-json\/wp\/v2\/users\/6"}],"replies":[{"embeddable":true,"href":"https:\/\/www.evearly.news\/fr\/wp-json\/wp\/v2\/comments?post=318651"}],"version-history":[{"count":0,"href":"https:\/\/www.evearly.news\/fr\/wp-json\/wp\/v2\/posts\/318651\/revisions"}],"wp:featuredmedia":[{"embeddable":true,"href":"https:\/\/www.evearly.news\/fr\/wp-json\/wp\/v2\/media\/318652"}],"wp:attachment":[{"href":"https:\/\/www.evearly.news\/fr\/wp-json\/wp\/v2\/media?parent=318651"}],"wp:term":[{"taxonomy":"category","embeddable":true,"href":"https:\/\/www.evearly.news\/fr\/wp-json\/wp\/v2\/categories?post=318651"},{"taxonomy":"post_tag","embeddable":true,"href":"https:\/\/www.evearly.news\/fr\/wp-json\/wp\/v2\/tags?post=318651"}],"curies":[{"name":"wp","href":"https:\/\/api.w.org\/{rel}","templated":true}]}}