{"id":318653,"date":"2026-03-11T10:25:23","date_gmt":"2026-03-11T09:25:23","guid":{"rendered":"https:\/\/www.evearly.news\/fr\/la-nissan-leaf-distinguee-par-les-femmes-comme-voiture-de-lannee-2026\/"},"modified":"2026-03-11T10:25:23","modified_gmt":"2026-03-11T09:25:23","slug":"la-nissan-leaf-distinguee-par-les-femmes-comme-voiture-de-lannee-2026","status":"publish","type":"post","link":"https:\/\/www.evearly.news\/fr\/la-nissan-leaf-distinguee-par-les-femmes-comme-voiture-de-lannee-2026\/","title":{"rendered":"La Nissan Leaf distingu\u00e9e par les femmes comme voiture de l\u2019ann\u00e9e 2026"},"content":{"rendered":"<p><img width=\"1000\" height=\"563\" src=\"https:\/\/www.evearly.news\/fr\/wp-content\/uploads\/sites\/6\/2026\/03\/la-nissan-leaf-distinguee-par-les-femmes-comme-voiture-de-lannee-2026.jpg\" class=\"attachment-post-thumbnail size-post-thumbnail wp-post-image\" alt=\"Nissan Leaf 3\" decoding=\"async\" fetchpriority=\"high\" srcset=\"https:\/\/www.evearly.news\/fr\/wp-content\/uploads\/sites\/6\/2026\/03\/la-nissan-leaf-distinguee-par-les-femmes-comme-voiture-de-lannee-2026.jpg 1000w, https:\/\/www.evearly.news\/fr\/wp-content\/uploads\/sites\/6\/2026\/03\/la-nissan-leaf-distinguee-par-les-femmes-comme-voiture-de-lannee-2026-1.jpg 300w, https:\/\/www.evearly.news\/fr\/wp-content\/uploads\/sites\/6\/2026\/03\/la-nissan-leaf-distinguee-par-les-femmes-comme-voiture-de-lannee-2026-2.jpg 998w, https:\/\/www.avem.fr\/wp-content\/uploads\/2026\/03\/ACTG0311_LeafWmCar2026-768x432.jpg 768w\" sizes=\"(max-width: 1000px) 100vw, 1000px\" \/>La Nissan Leaf de troisi\u00e8me g\u00e9n\u00e9ration vient de ressortir grande gagnante de l\u2019ann\u00e9e 2026 des d\u00e9lib\u00e9rations du jury des Women\u2019s Worldwide Car of the Year. Succ\u00e9dant \u00e0 la Kia EV3, elle avait d\u00e9j\u00e0 \u00e9t\u00e9 \u00e9lue en d\u00e9but d\u2019ann\u00e9e par ce m\u00eame prix comme \u00ab\u00a0Meilleure v\u00e9hicule compact du monde \u00bb. Elle [\u2026] <a href=https:\/\/www.avem.fr\/2026\/03\/11\/la-nissan-leaf-distinguee-par-les-femmes-comme-voiture-de-lannee-2026\/ target=blank>Lire la suite&#8230;<\/a><\/p>\n","protected":false},"excerpt":{"rendered":"<p><img loading=\"lazy\" decoding=\"async\" width=\"1000\" height=\"563\" src=\"https:\/\/www.evearly.news\/fr\/wp-content\/uploads\/sites\/6\/2026\/03\/la-nissan-leaf-distinguee-par-les-femmes-comme-voiture-de-lannee-2026.jpg\" class=\"attachment-post-thumbnail size-post-thumbnail wp-post-image\" alt=\"Nissan Leaf 3\" \/>La Nissan Leaf de troisi\u00e8me g\u00e9n\u00e9ration vient de ressortir grande gagnante de l\u2019ann\u00e9e 2026 des d\u00e9lib\u00e9rations du jury des Women\u2019s Worldwide Car of the Year. Succ\u00e9dant \u00e0 la Kia EV3, elle avait d\u00e9j\u00e0 \u00e9t\u00e9 \u00e9lue en d\u00e9but d\u2019ann\u00e9e par ce m\u00eame prix comme \u00ab\u00a0Meilleure v\u00e9hicule compact du monde \u00bb. Elle [\u2026] <a class=\"continue-reading-link\" href=\"https:\/\/www.evearly.news\/fr\/la-nissan-leaf-distinguee-par-les-femmes-comme-voiture-de-lannee-2026\/\"><\/a><\/p>\n","protected":false},"author":3,"featured_media":318654,"comment_status":"closed","ping_status":"open","sticky":false,"template":"Default","format":"standard","meta":{"footnotes":""},"categories":[3],"tags":[],"class_list":["post-318653","post","type-post","status-publish","format-standard","has-post-thumbnail","hentry","category-avem"],"_links":{"self":[{"href":"https:\/\/www.evearly.news\/fr\/wp-json\/wp\/v2\/posts\/318653","targetHints":{"allow":["GET"]}}],"collection":[{"href":"https:\/\/www.evearly.news\/fr\/wp-json\/wp\/v2\/posts"}],"about":[{"href":"https:\/\/www.evearly.news\/fr\/wp-json\/wp\/v2\/types\/post"}],"author":[{"embeddable":true,"href":"https:\/\/www.evearly.news\/fr\/wp-json\/wp\/v2\/users\/3"}],"replies":[{"embeddable":true,"href":"https:\/\/www.evearly.news\/fr\/wp-json\/wp\/v2\/comments?post=318653"}],"version-history":[{"count":0,"href":"https:\/\/www.evearly.news\/fr\/wp-json\/wp\/v2\/posts\/318653\/revisions"}],"wp:featuredmedia":[{"embeddable":true,"href":"https:\/\/www.evearly.news\/fr\/wp-json\/wp\/v2\/media\/318654"}],"wp:attachment":[{"href":"https:\/\/www.evearly.news\/fr\/wp-json\/wp\/v2\/media?parent=318653"}],"wp:term":[{"taxonomy":"category","embeddable":true,"href":"https:\/\/www.evearly.news\/fr\/wp-json\/wp\/v2\/categories?post=318653"},{"taxonomy":"post_tag","embeddable":true,"href":"https:\/\/www.evearly.news\/fr\/wp-json\/wp\/v2\/tags?post=318653"}],"curies":[{"name":"wp","href":"https:\/\/api.w.org\/{rel}","templated":true}]}}