{"id":318655,"date":"2026-03-11T10:31:45","date_gmt":"2026-03-11T09:31:45","guid":{"rendered":"https:\/\/www.evearly.news\/fr\/taycan-ou-panamera-chez-porsche-une-seule-berline-survivra\/"},"modified":"2026-03-11T10:31:45","modified_gmt":"2026-03-11T09:31:45","slug":"taycan-ou-panamera-chez-porsche-une-seule-berline-survivra","status":"publish","type":"post","link":"https:\/\/www.evearly.news\/fr\/taycan-ou-panamera-chez-porsche-une-seule-berline-survivra\/","title":{"rendered":"Taycan ou Panamera ? Chez Porsche, une seule berline survivra"},"content":{"rendered":"<p><img loading=\"lazy\" decoding=\"async\" width=\"500\" height=\"333\" src=\"https:\/\/www.evearly.news\/fr\/wp-content\/uploads\/sites\/6\/2026\/03\/taycan-ou-panamera-chez-porsche-une-seule-berline-survivra.jpg\" class=\"attachment-1200x800 size-1200x800 wp-post-image\" alt=\"\" srcset=\"https:\/\/www.evearly.news\/fr\/wp-content\/uploads\/sites\/6\/2026\/03\/taycan-ou-panamera-chez-porsche-une-seule-berline-survivra.jpg 1600w, https:\/\/www.evearly.news\/fr\/wp-content\/uploads\/sites\/6\/2026\/03\/taycan-ou-panamera-chez-porsche-une-seule-berline-survivra-1.jpg 1024w, https:\/\/www.evearly.news\/fr\/wp-content\/uploads\/sites\/6\/2026\/03\/taycan-ou-panamera-chez-porsche-une-seule-berline-survivra-2.jpg 768w, https:\/\/www.evearly.news\/fr\/wp-content\/uploads\/sites\/6\/2026\/03\/taycan-ou-panamera-chez-porsche-une-seule-berline-survivra-3.jpg 1536w, https:\/\/cdn.automobile-propre.com\/uploads\/2025\/03\/Essai-Porsche-Taycan-4-2025-laponie-neige-8-620x349.jpg 620w\" sizes=\"auto, (max-width: 1200px) 100vw, 1200px\" \/><br \/>\nLe chamboule-tout n&rsquo;est pas termin\u00e9 dans la gamme Porsche. Ce sont \u00e0 pr\u00e9sent les berlines Taycan et Panamera dont l&rsquo;avenir est remis en question. Un seul mod\u00e8le devrait \u00eatre conserv\u00e9, mais avec diff\u00e9rentes motorisations.\u00a0<a href=https:\/\/www.automobile-propre.com\/breves\/taycan-ou-panamera-chez-porsche-une-seule-berline-survivra\/ target='bwindow'>Lire la suite&#8230;<\/a><\/p>\n","protected":false},"excerpt":{"rendered":"<p>&#8230; <a class=\"continue-reading-link\" href=\"https:\/\/www.evearly.news\/fr\/taycan-ou-panamera-chez-porsche-une-seule-berline-survivra\/\"><\/a><\/p>\n","protected":false},"author":8,"featured_media":318656,"comment_status":"closed","ping_status":"open","sticky":false,"template":"Default","format":"standard","meta":{"footnotes":""},"categories":[8],"tags":[],"class_list":["post-318655","post","type-post","status-publish","format-standard","has-post-thumbnail","hentry","category-automobile-propre"],"_links":{"self":[{"href":"https:\/\/www.evearly.news\/fr\/wp-json\/wp\/v2\/posts\/318655","targetHints":{"allow":["GET"]}}],"collection":[{"href":"https:\/\/www.evearly.news\/fr\/wp-json\/wp\/v2\/posts"}],"about":[{"href":"https:\/\/www.evearly.news\/fr\/wp-json\/wp\/v2\/types\/post"}],"author":[{"embeddable":true,"href":"https:\/\/www.evearly.news\/fr\/wp-json\/wp\/v2\/users\/8"}],"replies":[{"embeddable":true,"href":"https:\/\/www.evearly.news\/fr\/wp-json\/wp\/v2\/comments?post=318655"}],"version-history":[{"count":0,"href":"https:\/\/www.evearly.news\/fr\/wp-json\/wp\/v2\/posts\/318655\/revisions"}],"wp:featuredmedia":[{"embeddable":true,"href":"https:\/\/www.evearly.news\/fr\/wp-json\/wp\/v2\/media\/318656"}],"wp:attachment":[{"href":"https:\/\/www.evearly.news\/fr\/wp-json\/wp\/v2\/media?parent=318655"}],"wp:term":[{"taxonomy":"category","embeddable":true,"href":"https:\/\/www.evearly.news\/fr\/wp-json\/wp\/v2\/categories?post=318655"},{"taxonomy":"post_tag","embeddable":true,"href":"https:\/\/www.evearly.news\/fr\/wp-json\/wp\/v2\/tags?post=318655"}],"curies":[{"name":"wp","href":"https:\/\/api.w.org\/{rel}","templated":true}]}}