{"id":318659,"date":"2026-03-11T10:52:35","date_gmt":"2026-03-11T09:52:35","guid":{"rendered":"https:\/\/www.evearly.news\/fr\/stellantis-propose-lelectrique-au-prix-du-diesel-sur-ses-utilitaires-voici-a-quoi-il-faut-sattendre\/"},"modified":"2026-03-11T10:52:35","modified_gmt":"2026-03-11T09:52:35","slug":"stellantis-propose-lelectrique-au-prix-du-diesel-sur-ses-utilitaires-voici-a-quoi-il-faut-sattendre","status":"publish","type":"post","link":"https:\/\/www.evearly.news\/fr\/stellantis-propose-lelectrique-au-prix-du-diesel-sur-ses-utilitaires-voici-a-quoi-il-faut-sattendre\/","title":{"rendered":"Stellantis propose l\u2019\u00e9lectrique au prix du diesel sur ses utilitaires : voici \u00e0 quoi il faut s\u2019attendre"},"content":{"rendered":"<p><img width=\"1200\" height=\"675\" src=\"https:\/\/www.evearly.news\/fr\/wp-content\/uploads\/sites\/6\/2026\/03\/stellantis-propose-lelectrique-au-prix-du-diesel-sur-ses-utilitaires-voici-a-quoi-il-faut-sattendre.jpg\" class=\"attachment-full size-full wp-post-image\" alt=\"\" decoding=\"async\" loading=\"lazy\" \/<br \/>\nPour soutenir la demande de voitures \u00e9lectriques utilitaires, Stellantis propose des loyers \u00e9quivalents \u00e0 ceux des camionnettes diesel. Les conditions peuvent cependant parfois \u00e9voluer.<br \/>\n <a href=https:\/\/www.frandroid.com\/marques\/citroen\/3008551_stellantis-propose-lelectrique-au-prix-du-diesel-sur-ses-utilitaires-voici-a-quoi-il-faut-sattendre target='blank'>Lire la suite&#8230;<\/a><\/p>\n","protected":false},"excerpt":{"rendered":"<p>&lt;img width=&quot;1200&quot; height=&quot;675&quot; src=&quot;https:\/\/www.evearly.news\/fr\/wp-content\/uploads\/sites\/6\/2026\/03\/stellantis-propose-lelectrique-au-prix-du-diesel-sur-ses-utilitaires-voici-a-quoi-il-faut-sattendre.jpg&quot; class=&quot;attachment-full size-full wp-post-image&quot; alt=&quot;&quot; decoding=&quot;async&quot; loading=&quot;lazy&quot; \/<br \/>\nPour soutenir la demande de voitures \u00e9lectriques utilitaires, Stellantis propose des loyers \u00e9quivalents \u00e0 ceux des camionnettes diesel. Les conditions peuvent cependant parfois \u00e9voluer.\n<\/p>\n<p> <a class=\"continue-reading-link\" href=\"https:\/\/www.evearly.news\/fr\/stellantis-propose-lelectrique-au-prix-du-diesel-sur-ses-utilitaires-voici-a-quoi-il-faut-sattendre\/\"><\/a><\/p>\n","protected":false},"author":6,"featured_media":318660,"comment_status":"closed","ping_status":"open","sticky":false,"template":"Default","format":"standard","meta":{"footnotes":""},"categories":[14],"tags":[],"class_list":["post-318659","post","type-post","status-publish","format-standard","has-post-thumbnail","hentry","category-frandroid"],"_links":{"self":[{"href":"https:\/\/www.evearly.news\/fr\/wp-json\/wp\/v2\/posts\/318659","targetHints":{"allow":["GET"]}}],"collection":[{"href":"https:\/\/www.evearly.news\/fr\/wp-json\/wp\/v2\/posts"}],"about":[{"href":"https:\/\/www.evearly.news\/fr\/wp-json\/wp\/v2\/types\/post"}],"author":[{"embeddable":true,"href":"https:\/\/www.evearly.news\/fr\/wp-json\/wp\/v2\/users\/6"}],"replies":[{"embeddable":true,"href":"https:\/\/www.evearly.news\/fr\/wp-json\/wp\/v2\/comments?post=318659"}],"version-history":[{"count":0,"href":"https:\/\/www.evearly.news\/fr\/wp-json\/wp\/v2\/posts\/318659\/revisions"}],"wp:featuredmedia":[{"embeddable":true,"href":"https:\/\/www.evearly.news\/fr\/wp-json\/wp\/v2\/media\/318660"}],"wp:attachment":[{"href":"https:\/\/www.evearly.news\/fr\/wp-json\/wp\/v2\/media?parent=318659"}],"wp:term":[{"taxonomy":"category","embeddable":true,"href":"https:\/\/www.evearly.news\/fr\/wp-json\/wp\/v2\/categories?post=318659"},{"taxonomy":"post_tag","embeddable":true,"href":"https:\/\/www.evearly.news\/fr\/wp-json\/wp\/v2\/tags?post=318659"}],"curies":[{"name":"wp","href":"https:\/\/api.w.org\/{rel}","templated":true}]}}