{"id":318661,"date":"2026-03-11T08:38:10","date_gmt":"2026-03-11T07:38:10","guid":{"rendered":"https:\/\/www.evearly.news\/fr\/renault-et-dacia-lelectrification-sans-etats-dame\/"},"modified":"2026-03-11T08:38:10","modified_gmt":"2026-03-11T07:38:10","slug":"renault-et-dacia-lelectrification-sans-etats-dame","status":"publish","type":"post","link":"https:\/\/www.evearly.news\/fr\/renault-et-dacia-lelectrification-sans-etats-dame\/","title":{"rendered":"Renault et Dacia, l&rsquo;\u00e9lectrification sans \u00e9tats d&rsquo;\u00e2me"},"content":{"rendered":"<p><img decoding=\"async\" src=\"https:\/\/www.evearly.news\/fr\/wp-content\/uploads\/sites\/6\/2026\/03\/renault-et-dacia-lelectrification-sans-etats-dame.jpg\" alt=\"caradisiac\" ><br \/>Alors que les g\u00e9ants allemands et Stellantis s&rsquo;\u00e9chinent \u00e0 sauver le moteur thermique, Renault choisit une voie diff\u00e9rente. Pour Fran\u00e7ois Provost, le successeur de Luca de Meo, ce combat est appartient au pass\u00e9. Plateforme 800V, alliance avec Geely et offensive Dacia : voici comment le groupe fran\u00e7ais compte r\u00e9sister aux Chinois pendant que ses concurrents regardent encore dans le r\u00e9troviseur. <a href=https:\/\/www.caradisiac.com\/renault-et-dacia-l-electrification-sans-etats-d-ame-220863.htm#xtor=RSS-40 target=blank>Lire la suite&#8230;<\/a><\/p>\n","protected":false},"excerpt":{"rendered":"<p><img decoding=\"async\" src=\"https:\/\/www.evearly.news\/fr\/wp-content\/uploads\/sites\/6\/2026\/03\/renault-et-dacia-lelectrification-sans-etats-dame.jpg\" alt=\"caradisiac\"><br \/>Alors que les g\u00e9ants allemands et Stellantis s&rsquo;\u00e9chinent \u00e0 sauver le moteur thermique, Renault choisit une voie diff\u00e9rente. Pour Fran\u00e7ois Provost, le successeur de Luca de Meo, ce combat est appartient au pass\u00e9. Plateforme 800V, alliance avec Geely et offensive Dacia : voici comment le groupe fran\u00e7ais compte r\u00e9sister aux Chinois pendant que ses concurrents regardent encore dans le r\u00e9troviseur.<\/p>\n<p> <a class=\"continue-reading-link\" href=\"https:\/\/www.evearly.news\/fr\/renault-et-dacia-lelectrification-sans-etats-dame\/\"><\/a><\/p>\n","protected":false},"author":11,"featured_media":318662,"comment_status":"closed","ping_status":"open","sticky":false,"template":"Default","format":"standard","meta":{"footnotes":""},"categories":[11],"tags":[],"class_list":["post-318661","post","type-post","status-publish","format-standard","has-post-thumbnail","hentry","category-caradisiac"],"_links":{"self":[{"href":"https:\/\/www.evearly.news\/fr\/wp-json\/wp\/v2\/posts\/318661","targetHints":{"allow":["GET"]}}],"collection":[{"href":"https:\/\/www.evearly.news\/fr\/wp-json\/wp\/v2\/posts"}],"about":[{"href":"https:\/\/www.evearly.news\/fr\/wp-json\/wp\/v2\/types\/post"}],"author":[{"embeddable":true,"href":"https:\/\/www.evearly.news\/fr\/wp-json\/wp\/v2\/users\/11"}],"replies":[{"embeddable":true,"href":"https:\/\/www.evearly.news\/fr\/wp-json\/wp\/v2\/comments?post=318661"}],"version-history":[{"count":0,"href":"https:\/\/www.evearly.news\/fr\/wp-json\/wp\/v2\/posts\/318661\/revisions"}],"wp:featuredmedia":[{"embeddable":true,"href":"https:\/\/www.evearly.news\/fr\/wp-json\/wp\/v2\/media\/318662"}],"wp:attachment":[{"href":"https:\/\/www.evearly.news\/fr\/wp-json\/wp\/v2\/media?parent=318661"}],"wp:term":[{"taxonomy":"category","embeddable":true,"href":"https:\/\/www.evearly.news\/fr\/wp-json\/wp\/v2\/categories?post=318661"},{"taxonomy":"post_tag","embeddable":true,"href":"https:\/\/www.evearly.news\/fr\/wp-json\/wp\/v2\/tags?post=318661"}],"curies":[{"name":"wp","href":"https:\/\/api.w.org\/{rel}","templated":true}]}}