{"id":318663,"date":"2026-03-11T11:39:14","date_gmt":"2026-03-11T10:39:14","guid":{"rendered":"https:\/\/www.evearly.news\/fr\/le-nouveau-patron-de-stellantis-prend-une-decision-radicale-pour-la-peugeot-e-208-pourquoi-cest-une-bonne-nouvelle\/"},"modified":"2026-03-11T11:39:14","modified_gmt":"2026-03-11T10:39:14","slug":"le-nouveau-patron-de-stellantis-prend-une-decision-radicale-pour-la-peugeot-e-208-pourquoi-cest-une-bonne-nouvelle","status":"publish","type":"post","link":"https:\/\/www.evearly.news\/fr\/le-nouveau-patron-de-stellantis-prend-une-decision-radicale-pour-la-peugeot-e-208-pourquoi-cest-une-bonne-nouvelle\/","title":{"rendered":"Le nouveau patron de Stellantis prend une d\u00e9cision radicale pour la Peugeot e-208 : pourquoi c\u2019est une bonne nouvelle"},"content":{"rendered":"<p><img width=\"1200\" height=\"675\" src=\"https:\/\/www.evearly.news\/fr\/wp-content\/uploads\/sites\/6\/2026\/03\/le-nouveau-patron-de-stellantis-prend-une-decision-radicale-pour-la-peugeot-e-208-pourquoi-cest-une-bonne-nouvelle.jpg\" class=\"attachment-full size-full wp-post-image\" alt=\"\" decoding=\"async\" loading=\"lazy\" \/<br \/>\nAlors que Stellantis comptait adapter la plateforme STLA Small pour en faire une base multi-\u00e9nergie, le nouveau PDG du groupe souhaiterait en faire une version uniquement \u00e9lectrique\u2026 comme il \u00e9tait pr\u00e9vu \u00e0 la base. Elle servira sur les futures citadines \u00e9lectriques, comme la Peugeot e-208.<br \/>\n <a href=https:\/\/www.frandroid.com\/marques\/peugeot\/3008531_le-nouveau-patron-de-stellantis-prend-une-decision-radicale-pour-la-peugeot-e-208-pourquoi-cest-une-bonne-nouvelle target='blank'>Lire la suite&#8230;<\/a><\/p>\n","protected":false},"excerpt":{"rendered":"<p>&lt;img width=&quot;1200&quot; height=&quot;675&quot; src=&quot;https:\/\/www.evearly.news\/fr\/wp-content\/uploads\/sites\/6\/2026\/03\/le-nouveau-patron-de-stellantis-prend-une-decision-radicale-pour-la-peugeot-e-208-pourquoi-cest-une-bonne-nouvelle.jpg&quot; class=&quot;attachment-full size-full wp-post-image&quot; alt=&quot;&quot; decoding=&quot;async&quot; loading=&quot;lazy&quot; \/<br \/>\nAlors que Stellantis comptait adapter la plateforme STLA Small pour en faire une base multi-\u00e9nergie, le nouveau PDG du groupe souhaiterait en faire une version uniquement \u00e9lectrique\u2026 comme il \u00e9tait pr\u00e9vu \u00e0 la base. Elle servira sur les futures citadines \u00e9lectriques, comme la Peugeot e-208.\n<\/p>\n<p> <a class=\"continue-reading-link\" href=\"https:\/\/www.evearly.news\/fr\/le-nouveau-patron-de-stellantis-prend-une-decision-radicale-pour-la-peugeot-e-208-pourquoi-cest-une-bonne-nouvelle\/\"><\/a><\/p>\n","protected":false},"author":6,"featured_media":318664,"comment_status":"closed","ping_status":"open","sticky":false,"template":"Default","format":"standard","meta":{"footnotes":""},"categories":[14],"tags":[],"class_list":["post-318663","post","type-post","status-publish","format-standard","has-post-thumbnail","hentry","category-frandroid"],"_links":{"self":[{"href":"https:\/\/www.evearly.news\/fr\/wp-json\/wp\/v2\/posts\/318663","targetHints":{"allow":["GET"]}}],"collection":[{"href":"https:\/\/www.evearly.news\/fr\/wp-json\/wp\/v2\/posts"}],"about":[{"href":"https:\/\/www.evearly.news\/fr\/wp-json\/wp\/v2\/types\/post"}],"author":[{"embeddable":true,"href":"https:\/\/www.evearly.news\/fr\/wp-json\/wp\/v2\/users\/6"}],"replies":[{"embeddable":true,"href":"https:\/\/www.evearly.news\/fr\/wp-json\/wp\/v2\/comments?post=318663"}],"version-history":[{"count":0,"href":"https:\/\/www.evearly.news\/fr\/wp-json\/wp\/v2\/posts\/318663\/revisions"}],"wp:featuredmedia":[{"embeddable":true,"href":"https:\/\/www.evearly.news\/fr\/wp-json\/wp\/v2\/media\/318664"}],"wp:attachment":[{"href":"https:\/\/www.evearly.news\/fr\/wp-json\/wp\/v2\/media?parent=318663"}],"wp:term":[{"taxonomy":"category","embeddable":true,"href":"https:\/\/www.evearly.news\/fr\/wp-json\/wp\/v2\/categories?post=318663"},{"taxonomy":"post_tag","embeddable":true,"href":"https:\/\/www.evearly.news\/fr\/wp-json\/wp\/v2\/tags?post=318663"}],"curies":[{"name":"wp","href":"https:\/\/api.w.org\/{rel}","templated":true}]}}