{"id":318667,"date":"2026-03-11T11:40:19","date_gmt":"2026-03-11T10:40:19","guid":{"rendered":"https:\/\/www.evearly.news\/fr\/conflit-en-iran-et-essence-a-2e-pourquoi-la-voiture-electrique-devient-notre-meilleur-bouclier-contre-la-crise-petroliere\/"},"modified":"2026-03-11T11:40:19","modified_gmt":"2026-03-11T10:40:19","slug":"conflit-en-iran-et-essence-a-2e-pourquoi-la-voiture-electrique-devient-notre-meilleur-bouclier-contre-la-crise-petroliere","status":"publish","type":"post","link":"https:\/\/www.evearly.news\/fr\/conflit-en-iran-et-essence-a-2e-pourquoi-la-voiture-electrique-devient-notre-meilleur-bouclier-contre-la-crise-petroliere\/","title":{"rendered":"Conflit en Iran et essence \u00e0 2\u20ac : pourquoi la voiture \u00e9lectrique devient notre meilleur bouclier contre la crise p\u00e9troli\u00e8re"},"content":{"rendered":"<p><img width=\"1200\" height=\"675\" src=\"https:\/\/www.evearly.news\/fr\/wp-content\/uploads\/sites\/6\/2026\/03\/conflit-en-iran-et-essence-a-2e-pourquoi-la-voiture-electrique-devient-notre-meilleur-bouclier-contre-la-crise-petroliere.jpg\" class=\"attachment-full size-full wp-post-image\" alt=\"\" decoding=\"async\" loading=\"lazy\" \/<br \/>\nAvec la crise en Iran qui fait de nouveau flamber le cours du p\u00e9trole, notre d\u00e9pendance aux hydrocarbures saute une fois de plus aux yeux. Et si la voiture \u00e9lectrique, souvent point\u00e9e du doigt pour ses m\u00e9taux asiatiques, s&rsquo;av\u00e9rait finalement \u00eatre notre meilleur bouclier g\u00e9opolitique ? D\u00e9cryptage.<br \/>\n <a href=https:\/\/www.frandroid.com\/survoltes\/voitures-electriques\/3008701_conflit-en-iran-et-essence-a-2e-pourquoi-la-voiture-electrique-devient-notre-meilleur-bouclier-contre-le-chantage-petrolier target='blank'>Lire la suite&#8230;<\/a><\/p>\n","protected":false},"excerpt":{"rendered":"<p>&lt;img width=&quot;1200&quot; height=&quot;675&quot; src=&quot;https:\/\/www.evearly.news\/fr\/wp-content\/uploads\/sites\/6\/2026\/03\/conflit-en-iran-et-essence-a-2e-pourquoi-la-voiture-electrique-devient-notre-meilleur-bouclier-contre-la-crise-petroliere.jpg&quot; class=&quot;attachment-full size-full wp-post-image&quot; alt=&quot;&quot; decoding=&quot;async&quot; loading=&quot;lazy&quot; \/<br \/>\nAvec la crise en Iran qui fait de nouveau flamber le cours du p\u00e9trole, notre d\u00e9pendance aux hydrocarbures saute une fois de plus aux yeux. Et si la voiture \u00e9lectrique, souvent point\u00e9e du doigt pour ses m\u00e9taux asiatiques, s&rsquo;av\u00e9rait finalement \u00eatre notre meilleur bouclier g\u00e9opolitique ? D\u00e9cryptage.\n<\/p>\n<p> <a class=\"continue-reading-link\" href=\"https:\/\/www.evearly.news\/fr\/conflit-en-iran-et-essence-a-2e-pourquoi-la-voiture-electrique-devient-notre-meilleur-bouclier-contre-la-crise-petroliere\/\"><\/a><\/p>\n","protected":false},"author":6,"featured_media":318668,"comment_status":"closed","ping_status":"open","sticky":false,"template":"Default","format":"standard","meta":{"footnotes":""},"categories":[14],"tags":[],"class_list":["post-318667","post","type-post","status-publish","format-standard","has-post-thumbnail","hentry","category-frandroid"],"_links":{"self":[{"href":"https:\/\/www.evearly.news\/fr\/wp-json\/wp\/v2\/posts\/318667","targetHints":{"allow":["GET"]}}],"collection":[{"href":"https:\/\/www.evearly.news\/fr\/wp-json\/wp\/v2\/posts"}],"about":[{"href":"https:\/\/www.evearly.news\/fr\/wp-json\/wp\/v2\/types\/post"}],"author":[{"embeddable":true,"href":"https:\/\/www.evearly.news\/fr\/wp-json\/wp\/v2\/users\/6"}],"replies":[{"embeddable":true,"href":"https:\/\/www.evearly.news\/fr\/wp-json\/wp\/v2\/comments?post=318667"}],"version-history":[{"count":0,"href":"https:\/\/www.evearly.news\/fr\/wp-json\/wp\/v2\/posts\/318667\/revisions"}],"wp:featuredmedia":[{"embeddable":true,"href":"https:\/\/www.evearly.news\/fr\/wp-json\/wp\/v2\/media\/318668"}],"wp:attachment":[{"href":"https:\/\/www.evearly.news\/fr\/wp-json\/wp\/v2\/media?parent=318667"}],"wp:term":[{"taxonomy":"category","embeddable":true,"href":"https:\/\/www.evearly.news\/fr\/wp-json\/wp\/v2\/categories?post=318667"},{"taxonomy":"post_tag","embeddable":true,"href":"https:\/\/www.evearly.news\/fr\/wp-json\/wp\/v2\/tags?post=318667"}],"curies":[{"name":"wp","href":"https:\/\/api.w.org\/{rel}","templated":true}]}}