{"id":318671,"date":"2026-03-11T12:56:52","date_gmt":"2026-03-11T11:56:52","guid":{"rendered":"https:\/\/www.evearly.news\/fr\/crise-petroliere-pourquoi-lelectricite-flambe-en-europe-mais-presque-pas-en-france\/"},"modified":"2026-03-11T12:56:52","modified_gmt":"2026-03-11T11:56:52","slug":"crise-petroliere-pourquoi-lelectricite-flambe-en-europe-mais-presque-pas-en-france","status":"publish","type":"post","link":"https:\/\/www.evearly.news\/fr\/crise-petroliere-pourquoi-lelectricite-flambe-en-europe-mais-presque-pas-en-france\/","title":{"rendered":"Crise p\u00e9troli\u00e8re : pourquoi l\u2019\u00e9lectricit\u00e9 flambe en Europe\u2026 mais (presque) pas en France"},"content":{"rendered":"<p><img loading=\"lazy\" width=\"1200\" height=\"675\" src=\"https:\/\/www.evearly.news\/fr\/wp-content\/uploads\/sites\/6\/2026\/03\/crise-petroliere-pourquoi-lelectricite-flambe-en-europe-mais-presque-pas-en-france.jpg\" class=\"attachment-full size-full wp-post-image\" alt=\"\" decoding=\"async\" \/<br \/>\nLe prix de l&rsquo;essence et du diesel d\u00e9passe les 2 \u20ac le litre dans certaines stations service. Pendant ce temps-l\u00e0, le prix de l&rsquo;\u00e9lectricit\u00e9 flambe sur le march\u00e9 europ\u00e9en. Mais en France, rares sont les clients \u00e0 \u00eatre impact\u00e9s. La situation va-t-elle durer ? Notre analyse et \u00e9l\u00e9ments de r\u00e9ponses.<br \/>\n <a href=https:\/\/www.frandroid.com\/survoltes\/energie\/3008919_crise-petroliere-pourquoi-lelectricite-flambe-en-europe-mais-presque-pas-en-france target='blank'>Lire la suite&#8230;<\/a><\/p>\n","protected":false},"excerpt":{"rendered":"<p>&lt;img width=&quot;1200&quot; height=&quot;675&quot; src=&quot;https:\/\/www.evearly.news\/fr\/wp-content\/uploads\/sites\/6\/2026\/03\/crise-petroliere-pourquoi-lelectricite-flambe-en-europe-mais-presque-pas-en-france.jpg&quot; class=&quot;attachment-full size-full wp-post-image&quot; alt=&quot;&quot; decoding=&quot;async&quot; \/<br \/>\nLe prix de l&rsquo;essence et du diesel d\u00e9passe les 2 \u20ac le litre dans certaines stations service. Pendant ce temps-l\u00e0, le prix de l&rsquo;\u00e9lectricit\u00e9 flambe sur le march\u00e9 europ\u00e9en. Mais en France, rares sont les clients \u00e0 \u00eatre impact\u00e9s. La situation va-t-elle durer ? Notre analyse et \u00e9l\u00e9ments de r\u00e9ponses.\n<\/p>\n<p> <a class=\"continue-reading-link\" href=\"https:\/\/www.evearly.news\/fr\/crise-petroliere-pourquoi-lelectricite-flambe-en-europe-mais-presque-pas-en-france\/\"><\/a><\/p>\n","protected":false},"author":6,"featured_media":318672,"comment_status":"closed","ping_status":"open","sticky":false,"template":"Default","format":"standard","meta":{"footnotes":""},"categories":[14],"tags":[],"class_list":["post-318671","post","type-post","status-publish","format-standard","has-post-thumbnail","hentry","category-frandroid"],"_links":{"self":[{"href":"https:\/\/www.evearly.news\/fr\/wp-json\/wp\/v2\/posts\/318671","targetHints":{"allow":["GET"]}}],"collection":[{"href":"https:\/\/www.evearly.news\/fr\/wp-json\/wp\/v2\/posts"}],"about":[{"href":"https:\/\/www.evearly.news\/fr\/wp-json\/wp\/v2\/types\/post"}],"author":[{"embeddable":true,"href":"https:\/\/www.evearly.news\/fr\/wp-json\/wp\/v2\/users\/6"}],"replies":[{"embeddable":true,"href":"https:\/\/www.evearly.news\/fr\/wp-json\/wp\/v2\/comments?post=318671"}],"version-history":[{"count":0,"href":"https:\/\/www.evearly.news\/fr\/wp-json\/wp\/v2\/posts\/318671\/revisions"}],"wp:featuredmedia":[{"embeddable":true,"href":"https:\/\/www.evearly.news\/fr\/wp-json\/wp\/v2\/media\/318672"}],"wp:attachment":[{"href":"https:\/\/www.evearly.news\/fr\/wp-json\/wp\/v2\/media?parent=318671"}],"wp:term":[{"taxonomy":"category","embeddable":true,"href":"https:\/\/www.evearly.news\/fr\/wp-json\/wp\/v2\/categories?post=318671"},{"taxonomy":"post_tag","embeddable":true,"href":"https:\/\/www.evearly.news\/fr\/wp-json\/wp\/v2\/tags?post=318671"}],"curies":[{"name":"wp","href":"https:\/\/api.w.org\/{rel}","templated":true}]}}