{"id":318677,"date":"2026-03-11T14:25:18","date_gmt":"2026-03-11T13:25:18","guid":{"rendered":"https:\/\/www.evearly.news\/fr\/future-bmw-i3-voici-le-regard-de-la-nouvelle-generation-de-serie-3-electrique-ainsi-que-sa-date-de-revelation\/"},"modified":"2026-03-11T14:25:18","modified_gmt":"2026-03-11T13:25:18","slug":"future-bmw-i3-voici-le-regard-de-la-nouvelle-generation-de-serie-3-electrique-ainsi-que-sa-date-de-revelation","status":"publish","type":"post","link":"https:\/\/www.evearly.news\/fr\/future-bmw-i3-voici-le-regard-de-la-nouvelle-generation-de-serie-3-electrique-ainsi-que-sa-date-de-revelation\/","title":{"rendered":"Future BMW i3 : voici le regard de la nouvelle g\u00e9n\u00e9ration de S\u00e9rie 3 \u00e9lectrique, ainsi que sa date de r\u00e9v\u00e9lation"},"content":{"rendered":"<p><img decoding=\"async\" src=\"https:\/\/www.evearly.news\/fr\/wp-content\/uploads\/sites\/6\/2026\/03\/future-bmw-i3-voici-le-regard-de-la-nouvelle-generation-de-serie-3-electrique-ainsi-que-sa-date-de-revelation.webp\" alt=\"auto-moto\"><br \/>A quelques jours du lever de voile officiel, la BMW i3 d\u00e9voile enfin sa signature lumineuse sous forme de teaser. <a href=https:\/\/www.auto-moto.com\/berline-familiale\/future-bmw-i3-voici-le-regard-de-la-nouvelle-generation-de-serie-3-electrique-ainsi-que-sa-date-de-revelation-71140 target=blank>Lire la suite&#8230;<\/a><\/p>\n","protected":false},"excerpt":{"rendered":"<p>A quelques jours du lever de voile officiel, la BMW i3 d\u00e9voile enfin sa signature lumineuse sous forme de teaser&#8230;. <a class=\"continue-reading-link\" href=\"https:\/\/www.evearly.news\/fr\/future-bmw-i3-voici-le-regard-de-la-nouvelle-generation-de-serie-3-electrique-ainsi-que-sa-date-de-revelation\/\"><\/a><\/p>\n","protected":false},"author":9,"featured_media":318678,"comment_status":"closed","ping_status":"open","sticky":false,"template":"Default","format":"standard","meta":{"footnotes":""},"categories":[10],"tags":[],"class_list":["post-318677","post","type-post","status-publish","format-standard","has-post-thumbnail","hentry","category-auto-moto-com"],"_links":{"self":[{"href":"https:\/\/www.evearly.news\/fr\/wp-json\/wp\/v2\/posts\/318677","targetHints":{"allow":["GET"]}}],"collection":[{"href":"https:\/\/www.evearly.news\/fr\/wp-json\/wp\/v2\/posts"}],"about":[{"href":"https:\/\/www.evearly.news\/fr\/wp-json\/wp\/v2\/types\/post"}],"author":[{"embeddable":true,"href":"https:\/\/www.evearly.news\/fr\/wp-json\/wp\/v2\/users\/9"}],"replies":[{"embeddable":true,"href":"https:\/\/www.evearly.news\/fr\/wp-json\/wp\/v2\/comments?post=318677"}],"version-history":[{"count":0,"href":"https:\/\/www.evearly.news\/fr\/wp-json\/wp\/v2\/posts\/318677\/revisions"}],"wp:featuredmedia":[{"embeddable":true,"href":"https:\/\/www.evearly.news\/fr\/wp-json\/wp\/v2\/media\/318678"}],"wp:attachment":[{"href":"https:\/\/www.evearly.news\/fr\/wp-json\/wp\/v2\/media?parent=318677"}],"wp:term":[{"taxonomy":"category","embeddable":true,"href":"https:\/\/www.evearly.news\/fr\/wp-json\/wp\/v2\/categories?post=318677"},{"taxonomy":"post_tag","embeddable":true,"href":"https:\/\/www.evearly.news\/fr\/wp-json\/wp\/v2\/tags?post=318677"}],"curies":[{"name":"wp","href":"https:\/\/api.w.org\/{rel}","templated":true}]}}