{"id":318695,"date":"2026-03-12T11:25:19","date_gmt":"2026-03-12T10:25:19","guid":{"rendered":"https:\/\/www.evearly.news\/fr\/lelectrique-toujours-au-coeur-du-nouveau-plan-strategique-de-renault-futuready\/"},"modified":"2026-03-12T11:25:19","modified_gmt":"2026-03-12T10:25:19","slug":"lelectrique-toujours-au-coeur-du-nouveau-plan-strategique-de-renault-futuready","status":"publish","type":"post","link":"https:\/\/www.evearly.news\/fr\/lelectrique-toujours-au-coeur-du-nouveau-plan-strategique-de-renault-futuready\/","title":{"rendered":"L\u2019\u00e9lectrique toujours au c\u0153ur du nouveau plan strat\u00e9gique de Renault \u00ab futuREady \u00bb"},"content":{"rendered":"<p><img width=\"1000\" height=\"563\" src=\"https:\/\/www.evearly.news\/fr\/wp-content\/uploads\/sites\/6\/2026\/03\/lelectrique-toujours-au-coeur-du-nouveau-plan-strategique-de-renault-futuready.jpg\" class=\"attachment-post-thumbnail size-post-thumbnail wp-post-image\" alt=\"Renault\" decoding=\"async\" fetchpriority=\"high\" srcset=\"https:\/\/www.evearly.news\/fr\/wp-content\/uploads\/sites\/6\/2026\/03\/lelectrique-toujours-au-coeur-du-nouveau-plan-strategique-de-renault-futuready.jpg 1000w, https:\/\/www.evearly.news\/fr\/wp-content\/uploads\/sites\/6\/2026\/03\/lelectrique-toujours-au-coeur-du-nouveau-plan-strategique-de-renault-futuready-1.jpg 300w, https:\/\/www.evearly.news\/fr\/wp-content\/uploads\/sites\/6\/2026\/03\/lelectrique-toujours-au-coeur-du-nouveau-plan-strategique-de-renault-futuready-2.jpg 998w, https:\/\/www.avem.fr\/wp-content\/uploads\/2026\/03\/Renault-Presentation-FutuREady-Une-768x432.jpg 768w\" sizes=\"(max-width: 1000px) 100vw, 1000px\" \/>Renault vient de pr\u00e9senter\u00a0futuREady, son nouveau plan strat\u00e9gique qui doit accompagner la croissance de la marque jusqu\u2019en 2030. Renaulution, le pr\u00e9c\u00e9dent plan strat\u00e9gique avait \u00e9t\u00e9 pr\u00e9sent\u00e9 en 2021 comme un plan de renaissance. Ax\u00e9 sur la cr\u00e9ation de valeur, il a permis de replacer Renault dans le peloton de t\u00eate [\u2026] <a href=https:\/\/www.avem.fr\/2026\/03\/12\/lelectrique-toujours-au-coeur-du-nouveau-plan-strategique-de-renault-futuready\/ target=blank>Lire la suite&#8230;<\/a><\/p>\n","protected":false},"excerpt":{"rendered":"<p><img loading=\"lazy\" decoding=\"async\" width=\"1000\" height=\"563\" src=\"https:\/\/www.evearly.news\/fr\/wp-content\/uploads\/sites\/6\/2026\/03\/lelectrique-toujours-au-coeur-du-nouveau-plan-strategique-de-renault-futuready.jpg\" class=\"attachment-post-thumbnail size-post-thumbnail wp-post-image\" alt=\"Renault\" \/>Renault vient de pr\u00e9senter\u00a0futuREady, son nouveau plan strat\u00e9gique qui doit accompagner la croissance de la marque jusqu\u2019en 2030. Renaulution, le pr\u00e9c\u00e9dent plan strat\u00e9gique avait \u00e9t\u00e9 pr\u00e9sent\u00e9 en 2021 comme un plan de renaissance. Ax\u00e9 sur la cr\u00e9ation de valeur, il a permis de replacer Renault dans le peloton de t\u00eate [\u2026] <a class=\"continue-reading-link\" href=\"https:\/\/www.evearly.news\/fr\/lelectrique-toujours-au-coeur-du-nouveau-plan-strategique-de-renault-futuready\/\"><\/a><\/p>\n","protected":false},"author":3,"featured_media":318696,"comment_status":"closed","ping_status":"open","sticky":false,"template":"Default","format":"standard","meta":{"footnotes":""},"categories":[3],"tags":[],"class_list":["post-318695","post","type-post","status-publish","format-standard","has-post-thumbnail","hentry","category-avem"],"_links":{"self":[{"href":"https:\/\/www.evearly.news\/fr\/wp-json\/wp\/v2\/posts\/318695","targetHints":{"allow":["GET"]}}],"collection":[{"href":"https:\/\/www.evearly.news\/fr\/wp-json\/wp\/v2\/posts"}],"about":[{"href":"https:\/\/www.evearly.news\/fr\/wp-json\/wp\/v2\/types\/post"}],"author":[{"embeddable":true,"href":"https:\/\/www.evearly.news\/fr\/wp-json\/wp\/v2\/users\/3"}],"replies":[{"embeddable":true,"href":"https:\/\/www.evearly.news\/fr\/wp-json\/wp\/v2\/comments?post=318695"}],"version-history":[{"count":0,"href":"https:\/\/www.evearly.news\/fr\/wp-json\/wp\/v2\/posts\/318695\/revisions"}],"wp:featuredmedia":[{"embeddable":true,"href":"https:\/\/www.evearly.news\/fr\/wp-json\/wp\/v2\/media\/318696"}],"wp:attachment":[{"href":"https:\/\/www.evearly.news\/fr\/wp-json\/wp\/v2\/media?parent=318695"}],"wp:term":[{"taxonomy":"category","embeddable":true,"href":"https:\/\/www.evearly.news\/fr\/wp-json\/wp\/v2\/categories?post=318695"},{"taxonomy":"post_tag","embeddable":true,"href":"https:\/\/www.evearly.news\/fr\/wp-json\/wp\/v2\/tags?post=318695"}],"curies":[{"name":"wp","href":"https:\/\/api.w.org\/{rel}","templated":true}]}}