{"id":318697,"date":"2026-03-12T12:27:35","date_gmt":"2026-03-12T11:27:35","guid":{"rendered":"https:\/\/www.evearly.news\/fr\/la-volkswagen-id-3-va-bien-changer-de-nom-voici-les-premieres-infos-et-images\/"},"modified":"2026-03-12T12:27:35","modified_gmt":"2026-03-12T11:27:35","slug":"la-volkswagen-id-3-va-bien-changer-de-nom-voici-les-premieres-infos-et-images","status":"publish","type":"post","link":"https:\/\/www.evearly.news\/fr\/la-volkswagen-id-3-va-bien-changer-de-nom-voici-les-premieres-infos-et-images\/","title":{"rendered":"La Volkswagen ID.3 va bien changer de nom : voici les premi\u00e8res infos et images"},"content":{"rendered":"<p><img decoding=\"async\" width=\"500\" height=\"333\" src=\"https:\/\/www.evearly.news\/fr\/wp-content\/uploads\/sites\/6\/2026\/03\/la-volkswagen-id-3-va-bien-changer-de-nom-voici-les-premieres-infos-et-images.jpg\" class=\"attachment-1200x800 size-1200x800 wp-post-image\" alt=\"\" loading=\"lazy\" srcset=\"https:\/\/www.evearly.news\/fr\/wp-content\/uploads\/sites\/6\/2026\/03\/la-volkswagen-id-3-va-bien-changer-de-nom-voici-les-premieres-infos-et-images.jpg 1795w, https:\/\/www.evearly.news\/fr\/wp-content\/uploads\/sites\/6\/2026\/03\/la-volkswagen-id-3-va-bien-changer-de-nom-voici-les-premieres-infos-et-images-1.jpg 1640w, https:\/\/www.evearly.news\/fr\/wp-content\/uploads\/sites\/6\/2026\/03\/la-volkswagen-id-3-va-bien-changer-de-nom-voici-les-premieres-infos-et-images-2.jpg 1024w, https:\/\/www.evearly.news\/fr\/wp-content\/uploads\/sites\/6\/2026\/03\/la-volkswagen-id-3-va-bien-changer-de-nom-voici-les-premieres-infos-et-images-3.jpg 768w, https:\/\/www.evearly.news\/fr\/wp-content\/uploads\/sites\/6\/2026\/03\/la-volkswagen-id-3-va-bien-changer-de-nom-voici-les-premieres-infos-et-images-4.jpg 1536w, https:\/\/www.evearly.news\/fr\/wp-content\/uploads\/sites\/6\/2026\/03\/la-volkswagen-id-3-va-bien-changer-de-nom-voici-les-premieres-infos-et-images-5.jpg 700w, https:\/\/cdn.automobile-propre.com\/uploads\/2026\/03\/Volkswagen-ID.3-Neo-Teaser-3-960x548.jpg 960w\" sizes=\"auto, (max-width: 1200px) 100vw, 1200px\" \/><br \/>\nL&rsquo;ID.3 va \u00eatre \u00e0 nouveau restyl\u00e9e. A cette occasion, elle va changer de nom, mais pas comme on l&rsquo;attendait. Programme\u2026\u00a0<a href=https:\/\/www.automobile-propre.com\/articles\/la-volkswagen-id-3-va-bien-changer-de-nom-voici-les-premieres-infos-et-images\/ target='bwindow'>Lire la suite&#8230;<\/a><\/p>\n","protected":false},"excerpt":{"rendered":"<p>&#8230; <a class=\"continue-reading-link\" href=\"https:\/\/www.evearly.news\/fr\/la-volkswagen-id-3-va-bien-changer-de-nom-voici-les-premieres-infos-et-images\/\"><\/a><\/p>\n","protected":false},"author":8,"featured_media":318698,"comment_status":"closed","ping_status":"open","sticky":false,"template":"Default","format":"standard","meta":{"footnotes":""},"categories":[8],"tags":[],"class_list":["post-318697","post","type-post","status-publish","format-standard","has-post-thumbnail","hentry","category-automobile-propre"],"_links":{"self":[{"href":"https:\/\/www.evearly.news\/fr\/wp-json\/wp\/v2\/posts\/318697","targetHints":{"allow":["GET"]}}],"collection":[{"href":"https:\/\/www.evearly.news\/fr\/wp-json\/wp\/v2\/posts"}],"about":[{"href":"https:\/\/www.evearly.news\/fr\/wp-json\/wp\/v2\/types\/post"}],"author":[{"embeddable":true,"href":"https:\/\/www.evearly.news\/fr\/wp-json\/wp\/v2\/users\/8"}],"replies":[{"embeddable":true,"href":"https:\/\/www.evearly.news\/fr\/wp-json\/wp\/v2\/comments?post=318697"}],"version-history":[{"count":0,"href":"https:\/\/www.evearly.news\/fr\/wp-json\/wp\/v2\/posts\/318697\/revisions"}],"wp:featuredmedia":[{"embeddable":true,"href":"https:\/\/www.evearly.news\/fr\/wp-json\/wp\/v2\/media\/318698"}],"wp:attachment":[{"href":"https:\/\/www.evearly.news\/fr\/wp-json\/wp\/v2\/media?parent=318697"}],"wp:term":[{"taxonomy":"category","embeddable":true,"href":"https:\/\/www.evearly.news\/fr\/wp-json\/wp\/v2\/categories?post=318697"},{"taxonomy":"post_tag","embeddable":true,"href":"https:\/\/www.evearly.news\/fr\/wp-json\/wp\/v2\/tags?post=318697"}],"curies":[{"name":"wp","href":"https:\/\/api.w.org\/{rel}","templated":true}]}}