{"id":318705,"date":"2026-03-12T09:25:08","date_gmt":"2026-03-12T08:25:08","guid":{"rendered":"https:\/\/www.evearly.news\/fr\/mais-pourquoi-le-nouveau-porsche-cayenne-s-electrique-est-celui-qui-a-la-meilleure-autonomie\/"},"modified":"2026-03-12T09:25:08","modified_gmt":"2026-03-12T08:25:08","slug":"mais-pourquoi-le-nouveau-porsche-cayenne-s-electrique-est-celui-qui-a-la-meilleure-autonomie","status":"publish","type":"post","link":"https:\/\/www.evearly.news\/fr\/mais-pourquoi-le-nouveau-porsche-cayenne-s-electrique-est-celui-qui-a-la-meilleure-autonomie\/","title":{"rendered":"Mais pourquoi le nouveau Porsche Cayenne S \u00e9lectrique est celui qui a la meilleure autonomie\u00a0?"},"content":{"rendered":"<p><img decoding=\"async\" src=\"https:\/\/www.evearly.news\/fr\/wp-content\/uploads\/sites\/6\/2026\/03\/mais-pourquoi-le-nouveau-porsche-cayenne-s-electrique-est-celui-qui-a-la-meilleure-autonomie.jpg\" alt=\"caradisiac\" ><br \/>Le nouveau Porsche Cayenne S \u00e9lectrique de 544 chevaux se positionne entre le Cayenne de base et le Cayenne Turbo. Plus puissant que l\u2019entr\u00e9e de gamme, il poss\u00e8de les m\u00eames batteries mais affiche une autonomie maximale sup\u00e9rieure d\u2019apr\u00e8s la fiche technique. Comment est-ce possible ? <a href=https:\/\/www.caradisiac.com\/mais-pourquoi-le-nouveau-porsche-cayenne-s-electrique-est-celui-qui-a-la-meilleure-autonomie-220868.htm#xtor=RSS-40 target=blank>Lire la suite&#8230;<\/a><\/p>\n","protected":false},"excerpt":{"rendered":"<p><img decoding=\"async\" src=\"https:\/\/www.evearly.news\/fr\/wp-content\/uploads\/sites\/6\/2026\/03\/mais-pourquoi-le-nouveau-porsche-cayenne-s-electrique-est-celui-qui-a-la-meilleure-autonomie.jpg\" alt=\"caradisiac\"><br \/>Le nouveau Porsche Cayenne S \u00e9lectrique de 544 chevaux se positionne entre le Cayenne de base et le Cayenne Turbo. Plus puissant que l\u2019entr\u00e9e de gamme, il poss\u00e8de les m\u00eames batteries mais affiche une autonomie maximale sup\u00e9rieure d\u2019apr\u00e8s la fiche technique. Comment est-ce possible ?<\/p>\n<p> <a class=\"continue-reading-link\" href=\"https:\/\/www.evearly.news\/fr\/mais-pourquoi-le-nouveau-porsche-cayenne-s-electrique-est-celui-qui-a-la-meilleure-autonomie\/\"><\/a><\/p>\n","protected":false},"author":11,"featured_media":318706,"comment_status":"closed","ping_status":"open","sticky":false,"template":"Default","format":"standard","meta":{"footnotes":""},"categories":[11],"tags":[],"class_list":["post-318705","post","type-post","status-publish","format-standard","has-post-thumbnail","hentry","category-caradisiac"],"_links":{"self":[{"href":"https:\/\/www.evearly.news\/fr\/wp-json\/wp\/v2\/posts\/318705","targetHints":{"allow":["GET"]}}],"collection":[{"href":"https:\/\/www.evearly.news\/fr\/wp-json\/wp\/v2\/posts"}],"about":[{"href":"https:\/\/www.evearly.news\/fr\/wp-json\/wp\/v2\/types\/post"}],"author":[{"embeddable":true,"href":"https:\/\/www.evearly.news\/fr\/wp-json\/wp\/v2\/users\/11"}],"replies":[{"embeddable":true,"href":"https:\/\/www.evearly.news\/fr\/wp-json\/wp\/v2\/comments?post=318705"}],"version-history":[{"count":0,"href":"https:\/\/www.evearly.news\/fr\/wp-json\/wp\/v2\/posts\/318705\/revisions"}],"wp:featuredmedia":[{"embeddable":true,"href":"https:\/\/www.evearly.news\/fr\/wp-json\/wp\/v2\/media\/318706"}],"wp:attachment":[{"href":"https:\/\/www.evearly.news\/fr\/wp-json\/wp\/v2\/media?parent=318705"}],"wp:term":[{"taxonomy":"category","embeddable":true,"href":"https:\/\/www.evearly.news\/fr\/wp-json\/wp\/v2\/categories?post=318705"},{"taxonomy":"post_tag","embeddable":true,"href":"https:\/\/www.evearly.news\/fr\/wp-json\/wp\/v2\/tags?post=318705"}],"curies":[{"name":"wp","href":"https:\/\/api.w.org\/{rel}","templated":true}]}}