{"id":318707,"date":"2026-03-12T13:42:51","date_gmt":"2026-03-12T12:42:51","guid":{"rendered":"https:\/\/www.evearly.news\/fr\/kia-pv5-lanti-id-buzz-version-utilitaire-electrique\/"},"modified":"2026-03-12T14:41:59","modified_gmt":"2026-03-12T13:41:59","slug":"kia-pv5-lanti-id-buzz-version-utilitaire-electrique","status":"publish","type":"post","link":"https:\/\/www.evearly.news\/fr\/kia-pv5-lanti-id-buzz-version-utilitaire-electrique\/","title":{"rendered":"Kia PV5 : l\u2019anti ID. Buzz version utilitaire \u00e9lectrique"},"content":{"rendered":"<p><img decoding=\"async\" src=\"https:\/\/electriquemag.fr\/wp-content\/uploads\/2026\/03\/Safety_ADAS_02.jpg\" \/><br \/>\nAvec le PV5, Kia poursuit le d\u00e9veloppement de sa nouvelle gamme de v\u00e9hicules \u00e9lectriques d\u00e9di\u00e9s aux professionnels et \u00e0 la mobilit\u00e9 urbaine. Pr\u00e9sent\u00e9 comme un utilitaire polyvalent, ce mod\u00e8le vise clairement \u00e0 concurrencer des r\u00e9f\u00e9rences comme le Volkswagen ID. Buzz Cargo, tout en proposant une approche plus modulaire. Le Kia PV5 Passenger 2025 est ainsi con\u00e7u pour le transport de\u2026 <a href=\"https:\/\/electriquemag.fr\/kia-pv5-van-electrique-concurrent-id-buzz\/\" target=\"bwindow\">Lire la suite&#8230;<\/a><\/p>\n","protected":false},"excerpt":{"rendered":"<p>&#8230; <a class=\"continue-reading-link\" href=\"https:\/\/www.evearly.news\/fr\/kia-pv5-lanti-id-buzz-version-utilitaire-electrique\/\"><\/a><\/p>\n","protected":false},"author":13,"featured_media":0,"comment_status":"closed","ping_status":"open","sticky":false,"template":"Default","format":"standard","meta":{"footnotes":""},"categories":[13],"tags":[],"class_list":["post-318707","post","type-post","status-publish","format-standard","hentry","category-electriquemag"],"_links":{"self":[{"href":"https:\/\/www.evearly.news\/fr\/wp-json\/wp\/v2\/posts\/318707","targetHints":{"allow":["GET"]}}],"collection":[{"href":"https:\/\/www.evearly.news\/fr\/wp-json\/wp\/v2\/posts"}],"about":[{"href":"https:\/\/www.evearly.news\/fr\/wp-json\/wp\/v2\/types\/post"}],"author":[{"embeddable":true,"href":"https:\/\/www.evearly.news\/fr\/wp-json\/wp\/v2\/users\/13"}],"replies":[{"embeddable":true,"href":"https:\/\/www.evearly.news\/fr\/wp-json\/wp\/v2\/comments?post=318707"}],"version-history":[{"count":1,"href":"https:\/\/www.evearly.news\/fr\/wp-json\/wp\/v2\/posts\/318707\/revisions"}],"predecessor-version":[{"id":318736,"href":"https:\/\/www.evearly.news\/fr\/wp-json\/wp\/v2\/posts\/318707\/revisions\/318736"}],"wp:attachment":[{"href":"https:\/\/www.evearly.news\/fr\/wp-json\/wp\/v2\/media?parent=318707"}],"wp:term":[{"taxonomy":"category","embeddable":true,"href":"https:\/\/www.evearly.news\/fr\/wp-json\/wp\/v2\/categories?post=318707"},{"taxonomy":"post_tag","embeddable":true,"href":"https:\/\/www.evearly.news\/fr\/wp-json\/wp\/v2\/tags?post=318707"}],"curies":[{"name":"wp","href":"https:\/\/api.w.org\/{rel}","templated":true}]}}