{"id":318709,"date":"2026-03-12T13:50:46","date_gmt":"2026-03-12T12:50:46","guid":{"rendered":"https:\/\/www.evearly.news\/fr\/volkswagen-id-3-neo-la-compacte-electrique-change-de-nom-sans-tout-changer\/"},"modified":"2026-03-12T13:50:46","modified_gmt":"2026-03-12T12:50:46","slug":"volkswagen-id-3-neo-la-compacte-electrique-change-de-nom-sans-tout-changer","status":"publish","type":"post","link":"https:\/\/www.evearly.news\/fr\/volkswagen-id-3-neo-la-compacte-electrique-change-de-nom-sans-tout-changer\/","title":{"rendered":"Volkswagen ID.3 Neo : la compacte \u00e9lectrique change de nom, sans tout changer"},"content":{"rendered":"<div class=\"media_block\"><img decoding=\"async\" src=\"https:\/\/www.evearly.news\/fr\/wp-content\/uploads\/sites\/6\/2026\/03\/volkswagen-id-3-neo-la-compacte-electrique-change-de-nom-sans-tout-changer.jpg\"><\/div>\n<p>Volkswagen pr\u00e9pare une nouvelle \u00e9volution de sa compacte \u00e9lectrique. D\u00e9voil\u00e9e mi-avril, la future ID.3 Neo se pr\u00e9sentera comme le \u201csuccesseur\u201d de l\u2019ID.3, avec un style retouch\u00e9, un nouveau logiciel, des fonctions in\u00e9dites (One Pedal, Travel Assist enrichi, V2L) et un positionnement plus assum\u00e9 dans la gamme \u00e9lectrique du constructeur. Mais derri\u00e8re ce nouveau badge, il s\u2019agit surtout d\u2019un lifting pouss\u00e9, qui accompagne la transition de la famille ID vers des mod\u00e8les plus matures et plus lisibles pour le client. <a href=https:\/\/www.automobile-magazine.fr\/voitures-electriques\/article\/51294-volkswagen-id3-neo-la-compacte-electrique-change-de-nom-sans-tout-changer target='bwindow'>Lire la suite&#8230;<\/a><\/p>\n","protected":false},"excerpt":{"rendered":"<div class=\"media_block\"><img decoding=\"async\" src=\"https:\/\/www.evearly.news\/fr\/wp-content\/uploads\/sites\/6\/2026\/03\/volkswagen-id-3-neo-la-compacte-electrique-change-de-nom-sans-tout-changer.jpg\"><\/div>\n<p> <a class=\"continue-reading-link\" href=\"https:\/\/www.evearly.news\/fr\/volkswagen-id-3-neo-la-compacte-electrique-change-de-nom-sans-tout-changer\/\"><\/a><\/p>\n","protected":false},"author":7,"featured_media":318710,"comment_status":"closed","ping_status":"open","sticky":false,"template":"Default","format":"standard","meta":{"footnotes":""},"categories":[7],"tags":[],"class_list":["post-318709","post","type-post","status-publish","format-standard","has-post-thumbnail","hentry","category-automobile-magazine"],"_links":{"self":[{"href":"https:\/\/www.evearly.news\/fr\/wp-json\/wp\/v2\/posts\/318709","targetHints":{"allow":["GET"]}}],"collection":[{"href":"https:\/\/www.evearly.news\/fr\/wp-json\/wp\/v2\/posts"}],"about":[{"href":"https:\/\/www.evearly.news\/fr\/wp-json\/wp\/v2\/types\/post"}],"author":[{"embeddable":true,"href":"https:\/\/www.evearly.news\/fr\/wp-json\/wp\/v2\/users\/7"}],"replies":[{"embeddable":true,"href":"https:\/\/www.evearly.news\/fr\/wp-json\/wp\/v2\/comments?post=318709"}],"version-history":[{"count":0,"href":"https:\/\/www.evearly.news\/fr\/wp-json\/wp\/v2\/posts\/318709\/revisions"}],"wp:featuredmedia":[{"embeddable":true,"href":"https:\/\/www.evearly.news\/fr\/wp-json\/wp\/v2\/media\/318710"}],"wp:attachment":[{"href":"https:\/\/www.evearly.news\/fr\/wp-json\/wp\/v2\/media?parent=318709"}],"wp:term":[{"taxonomy":"category","embeddable":true,"href":"https:\/\/www.evearly.news\/fr\/wp-json\/wp\/v2\/categories?post=318709"},{"taxonomy":"post_tag","embeddable":true,"href":"https:\/\/www.evearly.news\/fr\/wp-json\/wp\/v2\/tags?post=318709"}],"curies":[{"name":"wp","href":"https:\/\/api.w.org\/{rel}","templated":true}]}}