{"id":318711,"date":"2026-03-12T13:51:51","date_gmt":"2026-03-12T12:51:51","guid":{"rendered":"https:\/\/www.evearly.news\/fr\/malgre-les-suppressions-de-postes-et-les-marges-qui-chutent-de-belles-histoires-continuent-chez-volkswagen-avec-cette-usine-historique-qui-fete-ses-70-ans\/"},"modified":"2026-03-12T13:51:51","modified_gmt":"2026-03-12T12:51:51","slug":"malgre-les-suppressions-de-postes-et-les-marges-qui-chutent-de-belles-histoires-continuent-chez-volkswagen-avec-cette-usine-historique-qui-fete-ses-70-ans","status":"publish","type":"post","link":"https:\/\/www.evearly.news\/fr\/malgre-les-suppressions-de-postes-et-les-marges-qui-chutent-de-belles-histoires-continuent-chez-volkswagen-avec-cette-usine-historique-qui-fete-ses-70-ans\/","title":{"rendered":"Malgr\u00e9 les suppressions de postes et les marges qui chutent, de belles histoires continuent chez Volkswagen avec cette usine historique qui f\u00eate ses 70 ans"},"content":{"rendered":"<div class=\"media_block\"><img decoding=\"async\" src=\"https:\/\/www.evearly.news\/fr\/wp-content\/uploads\/sites\/6\/2026\/03\/malgre-les-suppressions-de-postes-et-les-marges-qui-chutent-de-belles-histoires-continuent-chez-volkswagen-avec-cette-usine-historique-qui-fete-ses-70-ans.jpg\"><\/div>\n<p>L&rsquo;usine Volkswagen V\u00e9hicules Utilitaires d\u2019Hanovre, en Allemagne, souffle ses 70 bougies. Derri\u00e8re les c\u00e9l\u00e9brations, nous d\u00e9couvrons aussi un site industriel qui tente de se r\u00e9inventer \u00e0 l&rsquo;heure de l&rsquo;\u00e9lectrique avec ses succ\u00e8s, ses d\u00e9fis et quelques paris risqu\u00e9s sur l&rsquo;avenir. <a href=https:\/\/www.automobile-magazine.fr\/utilitaires-news\/article\/51282-malgre-les-suppressions-de-postes-et-les-marges-qui-chutent-de-belles-histoires-continuent-chez-volkswagen-avec-cette-usine-historique-qui-fete-ses-70-ans target='bwindow'>Lire la suite&#8230;<\/a><\/p>\n","protected":false},"excerpt":{"rendered":"<div class=\"media_block\"><img decoding=\"async\" src=\"https:\/\/www.evearly.news\/fr\/wp-content\/uploads\/sites\/6\/2026\/03\/malgre-les-suppressions-de-postes-et-les-marges-qui-chutent-de-belles-histoires-continuent-chez-volkswagen-avec-cette-usine-historique-qui-fete-ses-70-ans.jpg\"><\/div>\n<p> <a class=\"continue-reading-link\" href=\"https:\/\/www.evearly.news\/fr\/malgre-les-suppressions-de-postes-et-les-marges-qui-chutent-de-belles-histoires-continuent-chez-volkswagen-avec-cette-usine-historique-qui-fete-ses-70-ans\/\"><\/a><\/p>\n","protected":false},"author":7,"featured_media":318712,"comment_status":"closed","ping_status":"open","sticky":false,"template":"Default","format":"standard","meta":{"footnotes":""},"categories":[7],"tags":[],"class_list":["post-318711","post","type-post","status-publish","format-standard","has-post-thumbnail","hentry","category-automobile-magazine"],"_links":{"self":[{"href":"https:\/\/www.evearly.news\/fr\/wp-json\/wp\/v2\/posts\/318711","targetHints":{"allow":["GET"]}}],"collection":[{"href":"https:\/\/www.evearly.news\/fr\/wp-json\/wp\/v2\/posts"}],"about":[{"href":"https:\/\/www.evearly.news\/fr\/wp-json\/wp\/v2\/types\/post"}],"author":[{"embeddable":true,"href":"https:\/\/www.evearly.news\/fr\/wp-json\/wp\/v2\/users\/7"}],"replies":[{"embeddable":true,"href":"https:\/\/www.evearly.news\/fr\/wp-json\/wp\/v2\/comments?post=318711"}],"version-history":[{"count":0,"href":"https:\/\/www.evearly.news\/fr\/wp-json\/wp\/v2\/posts\/318711\/revisions"}],"wp:featuredmedia":[{"embeddable":true,"href":"https:\/\/www.evearly.news\/fr\/wp-json\/wp\/v2\/media\/318712"}],"wp:attachment":[{"href":"https:\/\/www.evearly.news\/fr\/wp-json\/wp\/v2\/media?parent=318711"}],"wp:term":[{"taxonomy":"category","embeddable":true,"href":"https:\/\/www.evearly.news\/fr\/wp-json\/wp\/v2\/categories?post=318711"},{"taxonomy":"post_tag","embeddable":true,"href":"https:\/\/www.evearly.news\/fr\/wp-json\/wp\/v2\/tags?post=318711"}],"curies":[{"name":"wp","href":"https:\/\/api.w.org\/{rel}","templated":true}]}}