{"id":318715,"date":"2026-03-12T13:53:28","date_gmt":"2026-03-12T12:53:28","guid":{"rendered":"https:\/\/www.evearly.news\/fr\/premieres-images-de-la-lancia-gamma-plus-de-doute-il-sagit-bien-dun-suv-coupe\/"},"modified":"2026-03-12T13:53:28","modified_gmt":"2026-03-12T12:53:28","slug":"premieres-images-de-la-lancia-gamma-plus-de-doute-il-sagit-bien-dun-suv-coupe","status":"publish","type":"post","link":"https:\/\/www.evearly.news\/fr\/premieres-images-de-la-lancia-gamma-plus-de-doute-il-sagit-bien-dun-suv-coupe\/","title":{"rendered":"Premi\u00e8res images de la Lancia Gamma : plus de doute, il s\u2019agit bien d\u2019un SUV coup\u00e9 !"},"content":{"rendered":"<div class=\"media_block\"><img decoding=\"async\" src=\"https:\/\/www.evearly.news\/fr\/wp-content\/uploads\/sites\/6\/2026\/03\/premieres-images-de-la-lancia-gamma-plus-de-doute-il-sagit-bien-dun-suv-coupe.jpg\"><\/div>\n<p>L\u2019obligation d\u2019ajouter des motorisations hybrides \u00e0 un projet qui initialement ne devait \u00eatre que 100% \u00e9lectrique, a retard\u00e9 le lancement de la Lancia Gamma. Le vaisseau amiral de la marque italienne n\u2019arrivera finalement sur le march\u00e9 qu\u2019en 2027. Pour autant, nos chasseurs de scoops ont d\u00e9busqu\u00e9 des prototypes encore camoufl\u00e9s lors d\u2019un test hivernal dans le nord de la Su\u00e8de. Cette fois nous en avons bien la confirmation, la Lancia Gamma arborera bel et bien une ligne de SUV coup\u00e9. Une mani\u00e8re habille de la positionner entre ses cousines techniques DS N\u00b08 et DS N\u00b07. <a href=https:\/\/www.automobile-magazine.fr\/voitures-electriques\/article\/51253-premieres-images-de-la-lancia-gamma-plus-de-doute-il-sagit-bien-dun-suv-coupe target='bwindow'>Lire la suite&#8230;<\/a><\/p>\n","protected":false},"excerpt":{"rendered":"<div class=\"media_block\"><img decoding=\"async\" src=\"https:\/\/www.evearly.news\/fr\/wp-content\/uploads\/sites\/6\/2026\/03\/premieres-images-de-la-lancia-gamma-plus-de-doute-il-sagit-bien-dun-suv-coupe.jpg\"><\/div>\n<p> <a class=\"continue-reading-link\" href=\"https:\/\/www.evearly.news\/fr\/premieres-images-de-la-lancia-gamma-plus-de-doute-il-sagit-bien-dun-suv-coupe\/\"><\/a><\/p>\n","protected":false},"author":7,"featured_media":318716,"comment_status":"closed","ping_status":"open","sticky":false,"template":"Default","format":"standard","meta":{"footnotes":""},"categories":[7],"tags":[],"class_list":["post-318715","post","type-post","status-publish","format-standard","has-post-thumbnail","hentry","category-automobile-magazine"],"_links":{"self":[{"href":"https:\/\/www.evearly.news\/fr\/wp-json\/wp\/v2\/posts\/318715","targetHints":{"allow":["GET"]}}],"collection":[{"href":"https:\/\/www.evearly.news\/fr\/wp-json\/wp\/v2\/posts"}],"about":[{"href":"https:\/\/www.evearly.news\/fr\/wp-json\/wp\/v2\/types\/post"}],"author":[{"embeddable":true,"href":"https:\/\/www.evearly.news\/fr\/wp-json\/wp\/v2\/users\/7"}],"replies":[{"embeddable":true,"href":"https:\/\/www.evearly.news\/fr\/wp-json\/wp\/v2\/comments?post=318715"}],"version-history":[{"count":0,"href":"https:\/\/www.evearly.news\/fr\/wp-json\/wp\/v2\/posts\/318715\/revisions"}],"wp:featuredmedia":[{"embeddable":true,"href":"https:\/\/www.evearly.news\/fr\/wp-json\/wp\/v2\/media\/318716"}],"wp:attachment":[{"href":"https:\/\/www.evearly.news\/fr\/wp-json\/wp\/v2\/media?parent=318715"}],"wp:term":[{"taxonomy":"category","embeddable":true,"href":"https:\/\/www.evearly.news\/fr\/wp-json\/wp\/v2\/categories?post=318715"},{"taxonomy":"post_tag","embeddable":true,"href":"https:\/\/www.evearly.news\/fr\/wp-json\/wp\/v2\/tags?post=318715"}],"curies":[{"name":"wp","href":"https:\/\/api.w.org\/{rel}","templated":true}]}}