{"id":318727,"date":"2026-03-12T14:05:26","date_gmt":"2026-03-12T13:05:26","guid":{"rendered":"https:\/\/www.evearly.news\/fr\/voitures-electriques-volkswagen-a-trouve-la-solution-pour-faire-chuter-le-prix-des-batteries-de-30\/"},"modified":"2026-03-12T14:05:26","modified_gmt":"2026-03-12T13:05:26","slug":"voitures-electriques-volkswagen-a-trouve-la-solution-pour-faire-chuter-le-prix-des-batteries-de-30","status":"publish","type":"post","link":"https:\/\/www.evearly.news\/fr\/voitures-electriques-volkswagen-a-trouve-la-solution-pour-faire-chuter-le-prix-des-batteries-de-30\/","title":{"rendered":"Voitures \u00e9lectriques : Volkswagen a trouv\u00e9 la solution pour faire chuter le prix des batteries de 30 %"},"content":{"rendered":"<p><img width=\"1200\" height=\"675\" src=\"https:\/\/www.evearly.news\/fr\/wp-content\/uploads\/sites\/6\/2026\/03\/voitures-electriques-volkswagen-a-trouve-la-solution-pour-faire-chuter-le-prix-des-batteries-de-30.jpg\" class=\"attachment-full size-full wp-post-image\" alt=\"\" decoding=\"async\" loading=\"lazy\" \/<br \/>\nSkoda vient d&rsquo;annoncer l&rsquo;ouverture d&rsquo;une nouvelle ligne d&rsquo;assemblage de batteries, devenant la premi\u00e8re du groupe Volkswagen \u00e0 utiliser le proc\u00e9d\u00e9 \u00ab\u00a0cell-to-pack\u00a0\u00bb pour abaisser leur co\u00fbt de 30 %. De bon augure pour les voitures \u00e9lectriques du groupe.<br \/>\n <a href=https:\/\/www.frandroid.com\/marques\/skoda\/3010425_voitures-electriques-volkswagen-a-trouve-la-solution-pour-faire-chuter-le-prix-des-batteries-de-30 target='blank'>Lire la suite&#8230;<\/a><\/p>\n","protected":false},"excerpt":{"rendered":"<p>&lt;img width=&quot;1200&quot; height=&quot;675&quot; src=&quot;https:\/\/www.evearly.news\/fr\/wp-content\/uploads\/sites\/6\/2026\/03\/voitures-electriques-volkswagen-a-trouve-la-solution-pour-faire-chuter-le-prix-des-batteries-de-30.jpg&quot; class=&quot;attachment-full size-full wp-post-image&quot; alt=&quot;&quot; decoding=&quot;async&quot; loading=&quot;lazy&quot; \/<br \/>\nSkoda vient d&rsquo;annoncer l&rsquo;ouverture d&rsquo;une nouvelle ligne d&rsquo;assemblage de batteries, devenant la premi\u00e8re du groupe Volkswagen \u00e0 utiliser le proc\u00e9d\u00e9 \u00ab\u00a0cell-to-pack\u00a0\u00bb pour abaisser leur co\u00fbt de 30 %. De bon augure pour les voitures \u00e9lectriques du groupe.\n<\/p>\n<p> <a class=\"continue-reading-link\" href=\"https:\/\/www.evearly.news\/fr\/voitures-electriques-volkswagen-a-trouve-la-solution-pour-faire-chuter-le-prix-des-batteries-de-30\/\"><\/a><\/p>\n","protected":false},"author":6,"featured_media":318728,"comment_status":"closed","ping_status":"open","sticky":false,"template":"Default","format":"standard","meta":{"footnotes":""},"categories":[14],"tags":[],"class_list":["post-318727","post","type-post","status-publish","format-standard","has-post-thumbnail","hentry","category-frandroid"],"_links":{"self":[{"href":"https:\/\/www.evearly.news\/fr\/wp-json\/wp\/v2\/posts\/318727","targetHints":{"allow":["GET"]}}],"collection":[{"href":"https:\/\/www.evearly.news\/fr\/wp-json\/wp\/v2\/posts"}],"about":[{"href":"https:\/\/www.evearly.news\/fr\/wp-json\/wp\/v2\/types\/post"}],"author":[{"embeddable":true,"href":"https:\/\/www.evearly.news\/fr\/wp-json\/wp\/v2\/users\/6"}],"replies":[{"embeddable":true,"href":"https:\/\/www.evearly.news\/fr\/wp-json\/wp\/v2\/comments?post=318727"}],"version-history":[{"count":0,"href":"https:\/\/www.evearly.news\/fr\/wp-json\/wp\/v2\/posts\/318727\/revisions"}],"wp:featuredmedia":[{"embeddable":true,"href":"https:\/\/www.evearly.news\/fr\/wp-json\/wp\/v2\/media\/318728"}],"wp:attachment":[{"href":"https:\/\/www.evearly.news\/fr\/wp-json\/wp\/v2\/media?parent=318727"}],"wp:term":[{"taxonomy":"category","embeddable":true,"href":"https:\/\/www.evearly.news\/fr\/wp-json\/wp\/v2\/categories?post=318727"},{"taxonomy":"post_tag","embeddable":true,"href":"https:\/\/www.evearly.news\/fr\/wp-json\/wp\/v2\/tags?post=318727"}],"curies":[{"name":"wp","href":"https:\/\/api.w.org\/{rel}","templated":true}]}}