{"id":318729,"date":"2026-03-12T14:05:50","date_gmt":"2026-03-12T13:05:50","guid":{"rendered":"https:\/\/www.evearly.news\/fr\/dreame-promet-une-batterie-solide-dans-ses-voitures-electriques-au-look-de-bugatti-coup-de-bluff-ou-coup-de-genie\/"},"modified":"2026-03-12T14:05:50","modified_gmt":"2026-03-12T13:05:50","slug":"dreame-promet-une-batterie-solide-dans-ses-voitures-electriques-au-look-de-bugatti-coup-de-bluff-ou-coup-de-genie","status":"publish","type":"post","link":"https:\/\/www.evearly.news\/fr\/dreame-promet-une-batterie-solide-dans-ses-voitures-electriques-au-look-de-bugatti-coup-de-bluff-ou-coup-de-genie\/","title":{"rendered":"Dreame promet une batterie solide dans ses voitures \u00e9lectriques au look de Bugatti : coup de bluff ou coup de g\u00e9nie ?"},"content":{"rendered":"<p><img width=\"1200\" height=\"675\" src=\"https:\/\/www.evearly.news\/fr\/wp-content\/uploads\/sites\/6\/2026\/03\/dreame-promet-une-batterie-solide-dans-ses-voitures-electriques-au-look-de-bugatti-coup-de-bluff-ou-coup-de-genie.jpg\" class=\"attachment-full size-full wp-post-image\" alt=\"\" decoding=\"async\" loading=\"lazy\" \/<br \/>\nDreame refait parler de ses voitures \u00e9lectriques. Pr\u00e9sent\u00e9e au CES 2026, la marque chinoise d&rsquo;aspirateurs et de s\u00e8che-cheveux annonce l&rsquo;arriv\u00e9e de batteries solides dans ses supercars&#8230; sans que beaucoup d&rsquo;informations ne soient donn\u00e9es.<br \/>\n <a href=https:\/\/www.frandroid.com\/marques\/dreame\/3010169_dreame-promet-une-batterie-solide-dans-ses-voitures-electriques-au-look-de-bugatti-coup-de-bluff-ou-coup-de-genie target='blank'>Lire la suite&#8230;<\/a><\/p>\n","protected":false},"excerpt":{"rendered":"<p>&lt;img width=&quot;1200&quot; height=&quot;675&quot; src=&quot;https:\/\/www.evearly.news\/fr\/wp-content\/uploads\/sites\/6\/2026\/03\/dreame-promet-une-batterie-solide-dans-ses-voitures-electriques-au-look-de-bugatti-coup-de-bluff-ou-coup-de-genie.jpg&quot; class=&quot;attachment-full size-full wp-post-image&quot; alt=&quot;&quot; decoding=&quot;async&quot; loading=&quot;lazy&quot; \/<br \/>\nDreame refait parler de ses voitures \u00e9lectriques. Pr\u00e9sent\u00e9e au CES 2026, la marque chinoise d&rsquo;aspirateurs et de s\u00e8che-cheveux annonce l&rsquo;arriv\u00e9e de batteries solides dans ses supercars&#8230; sans que beaucoup d&rsquo;informations ne soient donn\u00e9es.\n<\/p>\n<p> <a class=\"continue-reading-link\" href=\"https:\/\/www.evearly.news\/fr\/dreame-promet-une-batterie-solide-dans-ses-voitures-electriques-au-look-de-bugatti-coup-de-bluff-ou-coup-de-genie\/\"><\/a><\/p>\n","protected":false},"author":6,"featured_media":318730,"comment_status":"closed","ping_status":"open","sticky":false,"template":"Default","format":"standard","meta":{"footnotes":""},"categories":[14],"tags":[],"class_list":["post-318729","post","type-post","status-publish","format-standard","has-post-thumbnail","hentry","category-frandroid"],"_links":{"self":[{"href":"https:\/\/www.evearly.news\/fr\/wp-json\/wp\/v2\/posts\/318729","targetHints":{"allow":["GET"]}}],"collection":[{"href":"https:\/\/www.evearly.news\/fr\/wp-json\/wp\/v2\/posts"}],"about":[{"href":"https:\/\/www.evearly.news\/fr\/wp-json\/wp\/v2\/types\/post"}],"author":[{"embeddable":true,"href":"https:\/\/www.evearly.news\/fr\/wp-json\/wp\/v2\/users\/6"}],"replies":[{"embeddable":true,"href":"https:\/\/www.evearly.news\/fr\/wp-json\/wp\/v2\/comments?post=318729"}],"version-history":[{"count":0,"href":"https:\/\/www.evearly.news\/fr\/wp-json\/wp\/v2\/posts\/318729\/revisions"}],"wp:featuredmedia":[{"embeddable":true,"href":"https:\/\/www.evearly.news\/fr\/wp-json\/wp\/v2\/media\/318730"}],"wp:attachment":[{"href":"https:\/\/www.evearly.news\/fr\/wp-json\/wp\/v2\/media?parent=318729"}],"wp:term":[{"taxonomy":"category","embeddable":true,"href":"https:\/\/www.evearly.news\/fr\/wp-json\/wp\/v2\/categories?post=318729"},{"taxonomy":"post_tag","embeddable":true,"href":"https:\/\/www.evearly.news\/fr\/wp-json\/wp\/v2\/tags?post=318729"}],"curies":[{"name":"wp","href":"https:\/\/api.w.org\/{rel}","templated":true}]}}