{"id":318741,"date":"2026-03-12T14:45:06","date_gmt":"2026-03-12T13:45:06","guid":{"rendered":"https:\/\/www.evearly.news\/fr\/mercedes-casse-les-prix-de-son-nouveau-glb-electrique-grace-a-cette-nouvelle-batterie\/"},"modified":"2026-03-12T14:45:06","modified_gmt":"2026-03-12T13:45:06","slug":"mercedes-casse-les-prix-de-son-nouveau-glb-electrique-grace-a-cette-nouvelle-batterie","status":"publish","type":"post","link":"https:\/\/www.evearly.news\/fr\/mercedes-casse-les-prix-de-son-nouveau-glb-electrique-grace-a-cette-nouvelle-batterie\/","title":{"rendered":"Mercedes casse les prix de son nouveau GLB \u00e9lectrique gr\u00e2ce \u00e0 cette nouvelle batterie"},"content":{"rendered":"<p><img width=\"1200\" height=\"675\" src=\"https:\/\/www.evearly.news\/fr\/wp-content\/uploads\/sites\/6\/2026\/03\/mercedes-casse-les-prix-de-son-nouveau-glb-electrique-grace-a-cette-nouvelle-batterie.jpg\" class=\"attachment-full size-full wp-post-image\" alt=\"\" decoding=\"async\" loading=\"lazy\" \/<br \/>\nMercedes vient de lancer en France une nouvelle voiture \u00e9lectrique : le SUV GLB en version 200. Au programme : une batterie plus petite, une recharge toujours aussi rapide, et surtout, un tarif de d\u00e9part autour de 40 000 euros avec le bonus \u00e9cologique.<br \/>\n <a href=https:\/\/www.frandroid.com\/marques\/mercedes-benz\/3008653_mercedes-casse-les-prix-de-son-nouveau-glb-electrique-grace-a-cette-nouvelle-batterie target='blank'>Lire la suite&#8230;<\/a><\/p>\n","protected":false},"excerpt":{"rendered":"<p>&lt;img width=&quot;1200&quot; height=&quot;675&quot; src=&quot;https:\/\/www.evearly.news\/fr\/wp-content\/uploads\/sites\/6\/2026\/03\/mercedes-casse-les-prix-de-son-nouveau-glb-electrique-grace-a-cette-nouvelle-batterie.jpg&quot; class=&quot;attachment-full size-full wp-post-image&quot; alt=&quot;&quot; decoding=&quot;async&quot; loading=&quot;lazy&quot; \/<br \/>\nMercedes vient de lancer en France une nouvelle voiture \u00e9lectrique : le SUV GLB en version 200. Au programme : une batterie plus petite, une recharge toujours aussi rapide, et surtout, un tarif de d\u00e9part autour de 40 000 euros avec le bonus \u00e9cologique.\n<\/p>\n<p> <a class=\"continue-reading-link\" href=\"https:\/\/www.evearly.news\/fr\/mercedes-casse-les-prix-de-son-nouveau-glb-electrique-grace-a-cette-nouvelle-batterie\/\"><\/a><\/p>\n","protected":false},"author":6,"featured_media":318742,"comment_status":"closed","ping_status":"open","sticky":false,"template":"Default","format":"standard","meta":{"footnotes":""},"categories":[14],"tags":[],"class_list":["post-318741","post","type-post","status-publish","format-standard","has-post-thumbnail","hentry","category-frandroid"],"_links":{"self":[{"href":"https:\/\/www.evearly.news\/fr\/wp-json\/wp\/v2\/posts\/318741","targetHints":{"allow":["GET"]}}],"collection":[{"href":"https:\/\/www.evearly.news\/fr\/wp-json\/wp\/v2\/posts"}],"about":[{"href":"https:\/\/www.evearly.news\/fr\/wp-json\/wp\/v2\/types\/post"}],"author":[{"embeddable":true,"href":"https:\/\/www.evearly.news\/fr\/wp-json\/wp\/v2\/users\/6"}],"replies":[{"embeddable":true,"href":"https:\/\/www.evearly.news\/fr\/wp-json\/wp\/v2\/comments?post=318741"}],"version-history":[{"count":0,"href":"https:\/\/www.evearly.news\/fr\/wp-json\/wp\/v2\/posts\/318741\/revisions"}],"wp:featuredmedia":[{"embeddable":true,"href":"https:\/\/www.evearly.news\/fr\/wp-json\/wp\/v2\/media\/318742"}],"wp:attachment":[{"href":"https:\/\/www.evearly.news\/fr\/wp-json\/wp\/v2\/media?parent=318741"}],"wp:term":[{"taxonomy":"category","embeddable":true,"href":"https:\/\/www.evearly.news\/fr\/wp-json\/wp\/v2\/categories?post=318741"},{"taxonomy":"post_tag","embeddable":true,"href":"https:\/\/www.evearly.news\/fr\/wp-json\/wp\/v2\/tags?post=318741"}],"curies":[{"name":"wp","href":"https:\/\/api.w.org\/{rel}","templated":true}]}}