{"id":318743,"date":"2026-03-12T14:46:05","date_gmt":"2026-03-12T13:46:05","guid":{"rendered":"https:\/\/www.evearly.news\/fr\/lequivalent-dun-litre-a-40-centimes-on-a-calcule-le-vrai-cout-de-la-voiture-electrique-face-aux-essence-et-diesel\/"},"modified":"2026-03-12T14:46:05","modified_gmt":"2026-03-12T13:46:05","slug":"lequivalent-dun-litre-a-40-centimes-on-a-calcule-le-vrai-cout-de-la-voiture-electrique-face-aux-essence-et-diesel","status":"publish","type":"post","link":"https:\/\/www.evearly.news\/fr\/lequivalent-dun-litre-a-40-centimes-on-a-calcule-le-vrai-cout-de-la-voiture-electrique-face-aux-essence-et-diesel\/","title":{"rendered":"L\u2019\u00e9quivalent d\u2019un litre \u00e0 40 centimes : on a calcul\u00e9 le vrai co\u00fbt de la voiture \u00e9lectrique face aux essence et diesel"},"content":{"rendered":"<p><img width=\"1200\" height=\"675\" src=\"https:\/\/www.evearly.news\/fr\/wp-content\/uploads\/sites\/6\/2026\/03\/lequivalent-dun-litre-a-40-centimes-on-a-calcule-le-vrai-cout-de-la-voiture-electrique-face-aux-essence-et-diesel.jpg\" class=\"attachment-full size-full wp-post-image\" alt=\"\" decoding=\"async\" loading=\"lazy\" \/<br \/>\nLe prix du diesel d\u00e9passe les 2 \u20ac le litre, alors que l&rsquo;essence se rapproche dangereusement de ce seuil. De son c\u00f4t\u00e9, l&rsquo;\u00e9lectricit\u00e9 n&rsquo;a pas encore augment\u00e9 en France. On compare le co\u00fbt aux 100 km entre un plein \u00e9lectrique, et un plein en voiture thermique et on tente de savoir si la situation va durer.<br \/>\n <a href=https:\/\/www.frandroid.com\/survoltes\/voitures-electriques\/3009193_lequivalent-dun-litre-a-40-centimes-on-a-calcule-le-vrai-cout-de-la-voiture-electrique-face-aux-essence-et-diesel target='blank'>Lire la suite&#8230;<\/a><\/p>\n","protected":false},"excerpt":{"rendered":"<p>&lt;img width=&quot;1200&quot; height=&quot;675&quot; src=&quot;https:\/\/www.evearly.news\/fr\/wp-content\/uploads\/sites\/6\/2026\/03\/lequivalent-dun-litre-a-40-centimes-on-a-calcule-le-vrai-cout-de-la-voiture-electrique-face-aux-essence-et-diesel.jpg&quot; class=&quot;attachment-full size-full wp-post-image&quot; alt=&quot;&quot; decoding=&quot;async&quot; loading=&quot;lazy&quot; \/<br \/>\nLe prix du diesel d\u00e9passe les 2 \u20ac le litre, alors que l&rsquo;essence se rapproche dangereusement de ce seuil. De son c\u00f4t\u00e9, l&rsquo;\u00e9lectricit\u00e9 n&rsquo;a pas encore augment\u00e9 en France. On compare le co\u00fbt aux 100 km entre un plein \u00e9lectrique, et un plein en voiture thermique et on tente de savoir si la situation va durer.\n<\/p>\n<p> <a class=\"continue-reading-link\" href=\"https:\/\/www.evearly.news\/fr\/lequivalent-dun-litre-a-40-centimes-on-a-calcule-le-vrai-cout-de-la-voiture-electrique-face-aux-essence-et-diesel\/\"><\/a><\/p>\n","protected":false},"author":6,"featured_media":318744,"comment_status":"closed","ping_status":"open","sticky":false,"template":"Default","format":"standard","meta":{"footnotes":""},"categories":[14],"tags":[],"class_list":["post-318743","post","type-post","status-publish","format-standard","has-post-thumbnail","hentry","category-frandroid"],"_links":{"self":[{"href":"https:\/\/www.evearly.news\/fr\/wp-json\/wp\/v2\/posts\/318743","targetHints":{"allow":["GET"]}}],"collection":[{"href":"https:\/\/www.evearly.news\/fr\/wp-json\/wp\/v2\/posts"}],"about":[{"href":"https:\/\/www.evearly.news\/fr\/wp-json\/wp\/v2\/types\/post"}],"author":[{"embeddable":true,"href":"https:\/\/www.evearly.news\/fr\/wp-json\/wp\/v2\/users\/6"}],"replies":[{"embeddable":true,"href":"https:\/\/www.evearly.news\/fr\/wp-json\/wp\/v2\/comments?post=318743"}],"version-history":[{"count":0,"href":"https:\/\/www.evearly.news\/fr\/wp-json\/wp\/v2\/posts\/318743\/revisions"}],"wp:featuredmedia":[{"embeddable":true,"href":"https:\/\/www.evearly.news\/fr\/wp-json\/wp\/v2\/media\/318744"}],"wp:attachment":[{"href":"https:\/\/www.evearly.news\/fr\/wp-json\/wp\/v2\/media?parent=318743"}],"wp:term":[{"taxonomy":"category","embeddable":true,"href":"https:\/\/www.evearly.news\/fr\/wp-json\/wp\/v2\/categories?post=318743"},{"taxonomy":"post_tag","embeddable":true,"href":"https:\/\/www.evearly.news\/fr\/wp-json\/wp\/v2\/tags?post=318743"}],"curies":[{"name":"wp","href":"https:\/\/api.w.org\/{rel}","templated":true}]}}