{"id":318745,"date":"2026-03-12T15:27:58","date_gmt":"2026-03-12T14:27:58","guid":{"rendered":"https:\/\/www.evearly.news\/fr\/honda-annule-plusieurs-voitures-electriques-juste-avant-leur-lancement\/"},"modified":"2026-03-12T15:27:58","modified_gmt":"2026-03-12T14:27:58","slug":"honda-annule-plusieurs-voitures-electriques-juste-avant-leur-lancement","status":"publish","type":"post","link":"https:\/\/www.evearly.news\/fr\/honda-annule-plusieurs-voitures-electriques-juste-avant-leur-lancement\/","title":{"rendered":"Honda annule plusieurs voitures \u00e9lectriques juste avant leur lancement !"},"content":{"rendered":"<p><img decoding=\"async\" width=\"500\" height=\"333\" src=\"https:\/\/www.evearly.news\/fr\/wp-content\/uploads\/sites\/6\/2026\/03\/honda-annule-plusieurs-voitures-electriques-juste-avant-leur-lancement.jpg\" class=\"attachment-1200x800 size-1200x800 wp-post-image\" alt=\"Honda 0 SUV\" loading=\"lazy\" srcset=\"https:\/\/www.evearly.news\/fr\/wp-content\/uploads\/sites\/6\/2026\/03\/honda-annule-plusieurs-voitures-electriques-juste-avant-leur-lancement.jpg 1536w, https:\/\/www.evearly.news\/fr\/wp-content\/uploads\/sites\/6\/2026\/03\/honda-annule-plusieurs-voitures-electriques-juste-avant-leur-lancement-1.jpg 1640w, https:\/\/www.evearly.news\/fr\/wp-content\/uploads\/sites\/6\/2026\/03\/honda-annule-plusieurs-voitures-electriques-juste-avant-leur-lancement-2.jpg 1024w, https:\/\/www.evearly.news\/fr\/wp-content\/uploads\/sites\/6\/2026\/03\/honda-annule-plusieurs-voitures-electriques-juste-avant-leur-lancement-3.jpg 140w, https:\/\/www.evearly.news\/fr\/wp-content\/uploads\/sites\/6\/2026\/03\/honda-annule-plusieurs-voitures-electriques-juste-avant-leur-lancement-4.jpg 768w, https:\/\/www.evearly.news\/fr\/wp-content\/uploads\/sites\/6\/2026\/03\/honda-annule-plusieurs-voitures-electriques-juste-avant-leur-lancement-5.jpg 620w, https:\/\/www.evearly.news\/fr\/wp-content\/uploads\/sites\/6\/2026\/03\/honda-annule-plusieurs-voitures-electriques-juste-avant-leur-lancement-6.jpg 100w, https:\/\/www.evearly.news\/fr\/wp-content\/uploads\/sites\/6\/2026\/03\/honda-annule-plusieurs-voitures-electriques-juste-avant-leur-lancement-7.jpg 190w, https:\/\/www.evearly.news\/fr\/wp-content\/uploads\/sites\/6\/2026\/03\/honda-annule-plusieurs-voitures-electriques-juste-avant-leur-lancement-8.jpg 600w, https:\/\/cdn.automobile-propre.com\/uploads\/2025\/04\/Honda-0-SUV-Prototype_03.jpg 1920w\" sizes=\"auto, (max-width: 1200px) 100vw, 1200px\" \/><br \/>\nSc\u00e9nario incroyable : Honda a d\u00e9cid\u00e9 d&rsquo;annuler le lancement des deux voitures qui devaient inaugurer la famille de voitures \u00e9lectriques\u2026\u00a0<a href=https:\/\/www.automobile-propre.com\/articles\/honda-annule-plusieurs-voitures-electriques-juste-avant-leur-lancement\/ target='bwindow'>Lire la suite&#8230;<\/a><\/p>\n","protected":false},"excerpt":{"rendered":"<p>&#8230; <a class=\"continue-reading-link\" href=\"https:\/\/www.evearly.news\/fr\/honda-annule-plusieurs-voitures-electriques-juste-avant-leur-lancement\/\"><\/a><\/p>\n","protected":false},"author":8,"featured_media":318746,"comment_status":"closed","ping_status":"open","sticky":false,"template":"Default","format":"standard","meta":{"footnotes":""},"categories":[8],"tags":[],"class_list":["post-318745","post","type-post","status-publish","format-standard","has-post-thumbnail","hentry","category-automobile-propre"],"_links":{"self":[{"href":"https:\/\/www.evearly.news\/fr\/wp-json\/wp\/v2\/posts\/318745","targetHints":{"allow":["GET"]}}],"collection":[{"href":"https:\/\/www.evearly.news\/fr\/wp-json\/wp\/v2\/posts"}],"about":[{"href":"https:\/\/www.evearly.news\/fr\/wp-json\/wp\/v2\/types\/post"}],"author":[{"embeddable":true,"href":"https:\/\/www.evearly.news\/fr\/wp-json\/wp\/v2\/users\/8"}],"replies":[{"embeddable":true,"href":"https:\/\/www.evearly.news\/fr\/wp-json\/wp\/v2\/comments?post=318745"}],"version-history":[{"count":0,"href":"https:\/\/www.evearly.news\/fr\/wp-json\/wp\/v2\/posts\/318745\/revisions"}],"wp:featuredmedia":[{"embeddable":true,"href":"https:\/\/www.evearly.news\/fr\/wp-json\/wp\/v2\/media\/318746"}],"wp:attachment":[{"href":"https:\/\/www.evearly.news\/fr\/wp-json\/wp\/v2\/media?parent=318745"}],"wp:term":[{"taxonomy":"category","embeddable":true,"href":"https:\/\/www.evearly.news\/fr\/wp-json\/wp\/v2\/categories?post=318745"},{"taxonomy":"post_tag","embeddable":true,"href":"https:\/\/www.evearly.news\/fr\/wp-json\/wp\/v2\/tags?post=318745"}],"curies":[{"name":"wp","href":"https:\/\/api.w.org\/{rel}","templated":true}]}}