{"id":318747,"date":"2026-03-12T17:28:04","date_gmt":"2026-03-12T16:28:04","guid":{"rendered":"https:\/\/www.evearly.news\/fr\/cette-enorme-batterie-solaire-tout-en-un-integre-une-borne-de-recharge-dc-pour-voiture-electrique\/"},"modified":"2026-03-12T17:28:04","modified_gmt":"2026-03-12T16:28:04","slug":"cette-enorme-batterie-solaire-tout-en-un-integre-une-borne-de-recharge-dc-pour-voiture-electrique","status":"publish","type":"post","link":"https:\/\/www.evearly.news\/fr\/cette-enorme-batterie-solaire-tout-en-un-integre-une-borne-de-recharge-dc-pour-voiture-electrique\/","title":{"rendered":"Cette \u00e9norme batterie solaire tout-en-un int\u00e8gre une borne de recharge DC pour voiture \u00e9lectrique"},"content":{"rendered":"<p><img decoding=\"async\" width=\"500\" height=\"333\" src=\"https:\/\/www.evearly.news\/fr\/wp-content\/uploads\/sites\/6\/2026\/03\/cette-enorme-batterie-solaire-tout-en-un-integre-une-borne-de-recharge-dc-pour-voiture-electrique.jpg\" class=\"attachment-1200x800 size-1200x800 wp-post-image\" alt=\"\" loading=\"lazy\" srcset=\"https:\/\/www.evearly.news\/fr\/wp-content\/uploads\/sites\/6\/2026\/03\/cette-enorme-batterie-solaire-tout-en-un-integre-une-borne-de-recharge-dc-pour-voiture-electrique.jpg 1600w, https:\/\/www.evearly.news\/fr\/wp-content\/uploads\/sites\/6\/2026\/03\/cette-enorme-batterie-solaire-tout-en-un-integre-une-borne-de-recharge-dc-pour-voiture-electrique-1.jpg 1024w, https:\/\/www.evearly.news\/fr\/wp-content\/uploads\/sites\/6\/2026\/03\/cette-enorme-batterie-solaire-tout-en-un-integre-une-borne-de-recharge-dc-pour-voiture-electrique-2.jpg 768w, https:\/\/www.evearly.news\/fr\/wp-content\/uploads\/sites\/6\/2026\/03\/cette-enorme-batterie-solaire-tout-en-un-integre-une-borne-de-recharge-dc-pour-voiture-electrique-3.jpg 1536w, https:\/\/www.evearly.news\/fr\/wp-content\/uploads\/sites\/6\/2026\/03\/cette-enorme-batterie-solaire-tout-en-un-integre-une-borne-de-recharge-dc-pour-voiture-electrique-4.jpg 593w, https:\/\/cdn.automobile-propre.com\/uploads\/2026\/03\/sigenergy-sigenstor-revolution-energetique-960x756.jpg 960w\" sizes=\"auto, (max-width: 1016px) 100vw, 1016px\" \/><br \/>\nRecharger sa voiture \u00e9lectrique gratuitement avec ses propres panneaux solaires est un graal pour de nombreux utilisateurs. Mais comment faire\u2026\u00a0<a href=https:\/\/www.automobile-propre.com\/articles\/cette-enorme-batterie-solaire-tout-en-un-integre-une-borne-de-recharge-dc-pour-voiture-electrique\/ target='bwindow'>Lire la suite&#8230;<\/a><\/p>\n","protected":false},"excerpt":{"rendered":"<p>&#8230; <a class=\"continue-reading-link\" href=\"https:\/\/www.evearly.news\/fr\/cette-enorme-batterie-solaire-tout-en-un-integre-une-borne-de-recharge-dc-pour-voiture-electrique\/\"><\/a><\/p>\n","protected":false},"author":8,"featured_media":318748,"comment_status":"closed","ping_status":"open","sticky":false,"template":"Default","format":"standard","meta":{"footnotes":""},"categories":[8],"tags":[],"class_list":["post-318747","post","type-post","status-publish","format-standard","has-post-thumbnail","hentry","category-automobile-propre"],"_links":{"self":[{"href":"https:\/\/www.evearly.news\/fr\/wp-json\/wp\/v2\/posts\/318747","targetHints":{"allow":["GET"]}}],"collection":[{"href":"https:\/\/www.evearly.news\/fr\/wp-json\/wp\/v2\/posts"}],"about":[{"href":"https:\/\/www.evearly.news\/fr\/wp-json\/wp\/v2\/types\/post"}],"author":[{"embeddable":true,"href":"https:\/\/www.evearly.news\/fr\/wp-json\/wp\/v2\/users\/8"}],"replies":[{"embeddable":true,"href":"https:\/\/www.evearly.news\/fr\/wp-json\/wp\/v2\/comments?post=318747"}],"version-history":[{"count":0,"href":"https:\/\/www.evearly.news\/fr\/wp-json\/wp\/v2\/posts\/318747\/revisions"}],"wp:featuredmedia":[{"embeddable":true,"href":"https:\/\/www.evearly.news\/fr\/wp-json\/wp\/v2\/media\/318748"}],"wp:attachment":[{"href":"https:\/\/www.evearly.news\/fr\/wp-json\/wp\/v2\/media?parent=318747"}],"wp:term":[{"taxonomy":"category","embeddable":true,"href":"https:\/\/www.evearly.news\/fr\/wp-json\/wp\/v2\/categories?post=318747"},{"taxonomy":"post_tag","embeddable":true,"href":"https:\/\/www.evearly.news\/fr\/wp-json\/wp\/v2\/tags?post=318747"}],"curies":[{"name":"wp","href":"https:\/\/api.w.org\/{rel}","templated":true}]}}