{"id":318751,"date":"2026-03-13T07:25:17","date_gmt":"2026-03-13T06:25:17","guid":{"rendered":"https:\/\/www.evearly.news\/fr\/dynamisme-de-daimler-truck-dans-les-poids-lourds-electriques-en-2025\/"},"modified":"2026-03-13T07:25:17","modified_gmt":"2026-03-13T06:25:17","slug":"dynamisme-de-daimler-truck-dans-les-poids-lourds-electriques-en-2025","status":"publish","type":"post","link":"https:\/\/www.evearly.news\/fr\/dynamisme-de-daimler-truck-dans-les-poids-lourds-electriques-en-2025\/","title":{"rendered":"Dynamisme de Daimler Truck dans les poids lourds \u00e9lectriques en 2025"},"content":{"rendered":"<p><img width=\"1000\" height=\"563\" src=\"https:\/\/www.evearly.news\/fr\/wp-content\/uploads\/sites\/6\/2026\/03\/dynamisme-de-daimler-truck-dans-les-poids-lourds-electriques-en-2025.jpg\" class=\"attachment-post-thumbnail size-post-thumbnail wp-post-image\" alt=\"Camion \u00e9lectrique Mercedes eActros 600\" decoding=\"async\" fetchpriority=\"high\" srcset=\"https:\/\/www.evearly.news\/fr\/wp-content\/uploads\/sites\/6\/2026\/03\/dynamisme-de-daimler-truck-dans-les-poids-lourds-electriques-en-2025.jpg 1000w, https:\/\/www.evearly.news\/fr\/wp-content\/uploads\/sites\/6\/2026\/03\/dynamisme-de-daimler-truck-dans-les-poids-lourds-electriques-en-2025-1.jpg 300w, https:\/\/www.evearly.news\/fr\/wp-content\/uploads\/sites\/6\/2026\/03\/dynamisme-de-daimler-truck-dans-les-poids-lourds-electriques-en-2025-2.jpg 998w, https:\/\/www.avem.fr\/wp-content\/uploads\/2024\/02\/ACTE0221_ActrosVerglas3-768x432.jpg 768w\" sizes=\"(max-width: 1000px) 100vw, 1000px\" \/>Dans un contexte de recul des ventes pour ses poids lourds toutes \u00e9nergies confondues, Daimler Truck annonce une augmentation sp\u00e9cifique aux mod\u00e8les \u00e9lectriques au cours de l\u2019exercice 2025. \u00a0 +67 % de poids lourds \u00e9lectriques vendus En 2025, Daimler Truck a vendu 422 510 camions et autobus dans le monde, [\u2026] <a href=https:\/\/www.avem.fr\/2026\/03\/13\/dynamisme-de-daimler-truck-dans-les-poids-lourds-electriques-en-2025\/ target=blank>Lire la suite&#8230;<\/a><\/p>\n","protected":false},"excerpt":{"rendered":"<p><img loading=\"lazy\" decoding=\"async\" width=\"1000\" height=\"563\" src=\"https:\/\/www.evearly.news\/fr\/wp-content\/uploads\/sites\/6\/2026\/03\/dynamisme-de-daimler-truck-dans-les-poids-lourds-electriques-en-2025.jpg\" class=\"attachment-post-thumbnail size-post-thumbnail wp-post-image\" alt=\"Camion \u00e9lectrique Mercedes eActros 600\" \/>Dans un contexte de recul des ventes pour ses poids lourds toutes \u00e9nergies confondues, Daimler Truck annonce une augmentation sp\u00e9cifique aux mod\u00e8les \u00e9lectriques au cours de l\u2019exercice 2025. \u00a0 +67 % de poids lourds \u00e9lectriques vendus En 2025, Daimler Truck a vendu 422 510 camions et autobus dans le monde, [\u2026] <a class=\"continue-reading-link\" href=\"https:\/\/www.evearly.news\/fr\/dynamisme-de-daimler-truck-dans-les-poids-lourds-electriques-en-2025\/\"><\/a><\/p>\n","protected":false},"author":3,"featured_media":318752,"comment_status":"closed","ping_status":"open","sticky":false,"template":"Default","format":"standard","meta":{"footnotes":""},"categories":[3],"tags":[],"class_list":["post-318751","post","type-post","status-publish","format-standard","has-post-thumbnail","hentry","category-avem"],"_links":{"self":[{"href":"https:\/\/www.evearly.news\/fr\/wp-json\/wp\/v2\/posts\/318751","targetHints":{"allow":["GET"]}}],"collection":[{"href":"https:\/\/www.evearly.news\/fr\/wp-json\/wp\/v2\/posts"}],"about":[{"href":"https:\/\/www.evearly.news\/fr\/wp-json\/wp\/v2\/types\/post"}],"author":[{"embeddable":true,"href":"https:\/\/www.evearly.news\/fr\/wp-json\/wp\/v2\/users\/3"}],"replies":[{"embeddable":true,"href":"https:\/\/www.evearly.news\/fr\/wp-json\/wp\/v2\/comments?post=318751"}],"version-history":[{"count":0,"href":"https:\/\/www.evearly.news\/fr\/wp-json\/wp\/v2\/posts\/318751\/revisions"}],"wp:featuredmedia":[{"embeddable":true,"href":"https:\/\/www.evearly.news\/fr\/wp-json\/wp\/v2\/media\/318752"}],"wp:attachment":[{"href":"https:\/\/www.evearly.news\/fr\/wp-json\/wp\/v2\/media?parent=318751"}],"wp:term":[{"taxonomy":"category","embeddable":true,"href":"https:\/\/www.evearly.news\/fr\/wp-json\/wp\/v2\/categories?post=318751"},{"taxonomy":"post_tag","embeddable":true,"href":"https:\/\/www.evearly.news\/fr\/wp-json\/wp\/v2\/tags?post=318751"}],"curies":[{"name":"wp","href":"https:\/\/api.w.org\/{rel}","templated":true}]}}