{"id":318757,"date":"2026-03-13T11:30:53","date_gmt":"2026-03-13T10:30:53","guid":{"rendered":"https:\/\/www.evearly.news\/fr\/volkswagen-va-lancer-6-nouveaux-modeles-electriques-en-2026-voici-le-calendrier-des-presentations\/"},"modified":"2026-03-13T11:30:53","modified_gmt":"2026-03-13T10:30:53","slug":"volkswagen-va-lancer-6-nouveaux-modeles-electriques-en-2026-voici-le-calendrier-des-presentations","status":"publish","type":"post","link":"https:\/\/www.evearly.news\/fr\/volkswagen-va-lancer-6-nouveaux-modeles-electriques-en-2026-voici-le-calendrier-des-presentations\/","title":{"rendered":"Volkswagen va lancer 6 nouveaux mod\u00e8les \u00e9lectriques en 2026 : voici le calendrier des pr\u00e9sentations"},"content":{"rendered":"<p><img decoding=\"async\" width=\"500\" height=\"333\" src=\"https:\/\/www.evearly.news\/fr\/wp-content\/uploads\/sites\/6\/2026\/03\/volkswagen-va-lancer-6-nouveaux-modeles-electriques-en-2026-voici-le-calendrier-des-presentations.jpg\" class=\"attachment-1200x800 size-1200x800 wp-post-image\" alt=\"Volkswagen ID.Polo\" loading=\"lazy\" srcset=\"https:\/\/www.evearly.news\/fr\/wp-content\/uploads\/sites\/6\/2026\/03\/volkswagen-va-lancer-6-nouveaux-modeles-electriques-en-2026-voici-le-calendrier-des-presentations.jpg 1920w, https:\/\/www.evearly.news\/fr\/wp-content\/uploads\/sites\/6\/2026\/03\/volkswagen-va-lancer-6-nouveaux-modeles-electriques-en-2026-voici-le-calendrier-des-presentations-1.jpg 1640w, https:\/\/www.evearly.news\/fr\/wp-content\/uploads\/sites\/6\/2026\/03\/volkswagen-va-lancer-6-nouveaux-modeles-electriques-en-2026-voici-le-calendrier-des-presentations-2.jpg 1024w, https:\/\/www.evearly.news\/fr\/wp-content\/uploads\/sites\/6\/2026\/03\/volkswagen-va-lancer-6-nouveaux-modeles-electriques-en-2026-voici-le-calendrier-des-presentations-3.jpg 768w, https:\/\/www.evearly.news\/fr\/wp-content\/uploads\/sites\/6\/2026\/03\/volkswagen-va-lancer-6-nouveaux-modeles-electriques-en-2026-voici-le-calendrier-des-presentations-4.jpg 1536w, https:\/\/www.evearly.news\/fr\/wp-content\/uploads\/sites\/6\/2026\/03\/volkswagen-va-lancer-6-nouveaux-modeles-electriques-en-2026-voici-le-calendrier-des-presentations-5.jpg 700w, https:\/\/cdn.automobile-propre.com\/uploads\/2025\/12\/VW_IDPolo-960x540.jpeg 960w\" sizes=\"auto, (max-width: 1200px) 100vw, 1200px\" \/><br \/>\nVolkswagen a pr\u00e9vu de d\u00e9voiler six nouveaux mod\u00e8les \u00e9lectriques en 2026. On connait \u00e0 pr\u00e9sent le planning des pr\u00e9sentations.\u00a0 ID.3\u2026\u00a0<a href=https:\/\/www.automobile-propre.com\/articles\/volkswagen-va-lancer-6-nouveaux-modeles-electriques-en-2026-voici-le-calendrier-des-presentations\/ target='bwindow'>Lire la suite&#8230;<\/a><\/p>\n","protected":false},"excerpt":{"rendered":"<p>&#8230; <a class=\"continue-reading-link\" href=\"https:\/\/www.evearly.news\/fr\/volkswagen-va-lancer-6-nouveaux-modeles-electriques-en-2026-voici-le-calendrier-des-presentations\/\"><\/a><\/p>\n","protected":false},"author":8,"featured_media":318758,"comment_status":"closed","ping_status":"open","sticky":false,"template":"Default","format":"standard","meta":{"footnotes":""},"categories":[8],"tags":[],"class_list":["post-318757","post","type-post","status-publish","format-standard","has-post-thumbnail","hentry","category-automobile-propre"],"_links":{"self":[{"href":"https:\/\/www.evearly.news\/fr\/wp-json\/wp\/v2\/posts\/318757","targetHints":{"allow":["GET"]}}],"collection":[{"href":"https:\/\/www.evearly.news\/fr\/wp-json\/wp\/v2\/posts"}],"about":[{"href":"https:\/\/www.evearly.news\/fr\/wp-json\/wp\/v2\/types\/post"}],"author":[{"embeddable":true,"href":"https:\/\/www.evearly.news\/fr\/wp-json\/wp\/v2\/users\/8"}],"replies":[{"embeddable":true,"href":"https:\/\/www.evearly.news\/fr\/wp-json\/wp\/v2\/comments?post=318757"}],"version-history":[{"count":0,"href":"https:\/\/www.evearly.news\/fr\/wp-json\/wp\/v2\/posts\/318757\/revisions"}],"wp:featuredmedia":[{"embeddable":true,"href":"https:\/\/www.evearly.news\/fr\/wp-json\/wp\/v2\/media\/318758"}],"wp:attachment":[{"href":"https:\/\/www.evearly.news\/fr\/wp-json\/wp\/v2\/media?parent=318757"}],"wp:term":[{"taxonomy":"category","embeddable":true,"href":"https:\/\/www.evearly.news\/fr\/wp-json\/wp\/v2\/categories?post=318757"},{"taxonomy":"post_tag","embeddable":true,"href":"https:\/\/www.evearly.news\/fr\/wp-json\/wp\/v2\/tags?post=318757"}],"curies":[{"name":"wp","href":"https:\/\/api.w.org\/{rel}","templated":true}]}}