{"id":318759,"date":"2026-03-13T12:25:17","date_gmt":"2026-03-13T11:25:17","guid":{"rendered":"https:\/\/www.evearly.news\/fr\/la-volkswagen-id-3-va-changer-de-nom-a-son-restylage-mais-ce-nest-pas-celui-auquel-on-sattendait\/"},"modified":"2026-03-13T12:25:17","modified_gmt":"2026-03-13T11:25:17","slug":"la-volkswagen-id-3-va-changer-de-nom-a-son-restylage-mais-ce-nest-pas-celui-auquel-on-sattendait","status":"publish","type":"post","link":"https:\/\/www.evearly.news\/fr\/la-volkswagen-id-3-va-changer-de-nom-a-son-restylage-mais-ce-nest-pas-celui-auquel-on-sattendait\/","title":{"rendered":"La Volkswagen ID.3 va changer de nom \u00e0 son restylage, mais ce n\u2019est pas celui auquel on s\u2019attendait"},"content":{"rendered":"<p><img decoding=\"async\" src=\"https:\/\/www.evearly.news\/fr\/wp-content\/uploads\/sites\/6\/2026\/03\/la-volkswagen-id-3-va-changer-de-nom-a-son-restylage-mais-ce-nest-pas-celui-auquel-on-sattendait.webp\" alt=\"auto-moto\"><br \/>Lors de la pr\u00e9sentation de ses r\u00e9sultats financiers, Volkswagen a annonc\u00e9 une mise \u00e0 jour importante pour sa compacte \u00e9lectrique ID.3, qui change de nom par la m\u00eame occasion. D\u00e9sormais, il faudra l\u2019appeler ID.3 Neo. <a href=https:\/\/www.auto-moto.com\/electrique\/volkswagen-id-3-neo-71308 target=blank>Lire la suite&#8230;<\/a><\/p>\n","protected":false},"excerpt":{"rendered":"<p>Lors de la pr\u00e9sentation de ses r\u00e9sultats financiers, Volkswagen a annonc\u00e9 une mise \u00e0 jour importante pour sa compacte \u00e9lectrique ID.3, qui change de nom par la m\u00eame occasion. D\u00e9sormais, il faudra l\u2019appeler ID.3 Neo&#8230;. <a class=\"continue-reading-link\" href=\"https:\/\/www.evearly.news\/fr\/la-volkswagen-id-3-va-changer-de-nom-a-son-restylage-mais-ce-nest-pas-celui-auquel-on-sattendait\/\"><\/a><\/p>\n","protected":false},"author":9,"featured_media":318760,"comment_status":"closed","ping_status":"open","sticky":false,"template":"Default","format":"standard","meta":{"footnotes":""},"categories":[10],"tags":[],"class_list":["post-318759","post","type-post","status-publish","format-standard","has-post-thumbnail","hentry","category-auto-moto-com"],"_links":{"self":[{"href":"https:\/\/www.evearly.news\/fr\/wp-json\/wp\/v2\/posts\/318759","targetHints":{"allow":["GET"]}}],"collection":[{"href":"https:\/\/www.evearly.news\/fr\/wp-json\/wp\/v2\/posts"}],"about":[{"href":"https:\/\/www.evearly.news\/fr\/wp-json\/wp\/v2\/types\/post"}],"author":[{"embeddable":true,"href":"https:\/\/www.evearly.news\/fr\/wp-json\/wp\/v2\/users\/9"}],"replies":[{"embeddable":true,"href":"https:\/\/www.evearly.news\/fr\/wp-json\/wp\/v2\/comments?post=318759"}],"version-history":[{"count":0,"href":"https:\/\/www.evearly.news\/fr\/wp-json\/wp\/v2\/posts\/318759\/revisions"}],"wp:featuredmedia":[{"embeddable":true,"href":"https:\/\/www.evearly.news\/fr\/wp-json\/wp\/v2\/media\/318760"}],"wp:attachment":[{"href":"https:\/\/www.evearly.news\/fr\/wp-json\/wp\/v2\/media?parent=318759"}],"wp:term":[{"taxonomy":"category","embeddable":true,"href":"https:\/\/www.evearly.news\/fr\/wp-json\/wp\/v2\/categories?post=318759"},{"taxonomy":"post_tag","embeddable":true,"href":"https:\/\/www.evearly.news\/fr\/wp-json\/wp\/v2\/tags?post=318759"}],"curies":[{"name":"wp","href":"https:\/\/api.w.org\/{rel}","templated":true}]}}