{"id":318765,"date":"2026-03-13T15:31:04","date_gmt":"2026-03-13T14:31:04","guid":{"rendered":"https:\/\/www.evearly.news\/fr\/lucid-veut-rassurer-sur-son-avenir-avec-trois-nouveaux-suv\/"},"modified":"2026-03-13T15:31:04","modified_gmt":"2026-03-13T14:31:04","slug":"lucid-veut-rassurer-sur-son-avenir-avec-trois-nouveaux-suv","status":"publish","type":"post","link":"https:\/\/www.evearly.news\/fr\/lucid-veut-rassurer-sur-son-avenir-avec-trois-nouveaux-suv\/","title":{"rendered":"Lucid veut rassurer sur son avenir avec trois nouveaux SUV"},"content":{"rendered":"<p><img loading=\"lazy\" decoding=\"async\" width=\"500\" height=\"333\" src=\"https:\/\/www.evearly.news\/fr\/wp-content\/uploads\/sites\/6\/2026\/03\/lucid-veut-rassurer-sur-son-avenir-avec-trois-nouveaux-suv.jpg\" class=\"attachment-1200x800 size-1200x800 wp-post-image\" alt=\"\" srcset=\"https:\/\/www.evearly.news\/fr\/wp-content\/uploads\/sites\/6\/2026\/03\/lucid-veut-rassurer-sur-son-avenir-avec-trois-nouveaux-suv.jpg 1920w, https:\/\/www.evearly.news\/fr\/wp-content\/uploads\/sites\/6\/2026\/03\/lucid-veut-rassurer-sur-son-avenir-avec-trois-nouveaux-suv-1.jpg 1640w, https:\/\/www.evearly.news\/fr\/wp-content\/uploads\/sites\/6\/2026\/03\/lucid-veut-rassurer-sur-son-avenir-avec-trois-nouveaux-suv-2.jpg 1024w, https:\/\/www.evearly.news\/fr\/wp-content\/uploads\/sites\/6\/2026\/03\/lucid-veut-rassurer-sur-son-avenir-avec-trois-nouveaux-suv-3.jpg 768w, https:\/\/www.evearly.news\/fr\/wp-content\/uploads\/sites\/6\/2026\/03\/lucid-veut-rassurer-sur-son-avenir-avec-trois-nouveaux-suv-4.jpg 1536w, https:\/\/www.evearly.news\/fr\/wp-content\/uploads\/sites\/6\/2026\/03\/lucid-veut-rassurer-sur-son-avenir-avec-trois-nouveaux-suv-5.jpg 584w, https:\/\/cdn.automobile-propre.com\/uploads\/2026\/03\/Lucid_Midsize_01-960x768.jpg 960w\" sizes=\"auto, (max-width: 1000px) 100vw, 1000px\" \/><br \/>\nEn 2026, Lucid prendra le virage le plus important depuis sa d\u00e9cision de se lancer dans la voiture \u00e9lectrique. La nouvelle gamme doit lui permettre d&rsquo;acc\u00e9der \u00e0 la rentabilit\u00e9. Et quatre mod\u00e8les sont attendus.\u00a0<a href=https:\/\/www.automobile-propre.com\/breves\/lucid-veut-rassurer-sur-son-avenir-avec-trois-nouveaux-suv\/ target='bwindow'>Lire la suite&#8230;<\/a><\/p>\n","protected":false},"excerpt":{"rendered":"<p>&#8230; <a class=\"continue-reading-link\" href=\"https:\/\/www.evearly.news\/fr\/lucid-veut-rassurer-sur-son-avenir-avec-trois-nouveaux-suv\/\"><\/a><\/p>\n","protected":false},"author":8,"featured_media":318766,"comment_status":"closed","ping_status":"open","sticky":false,"template":"Default","format":"standard","meta":{"footnotes":""},"categories":[8],"tags":[],"class_list":["post-318765","post","type-post","status-publish","format-standard","has-post-thumbnail","hentry","category-automobile-propre"],"_links":{"self":[{"href":"https:\/\/www.evearly.news\/fr\/wp-json\/wp\/v2\/posts\/318765","targetHints":{"allow":["GET"]}}],"collection":[{"href":"https:\/\/www.evearly.news\/fr\/wp-json\/wp\/v2\/posts"}],"about":[{"href":"https:\/\/www.evearly.news\/fr\/wp-json\/wp\/v2\/types\/post"}],"author":[{"embeddable":true,"href":"https:\/\/www.evearly.news\/fr\/wp-json\/wp\/v2\/users\/8"}],"replies":[{"embeddable":true,"href":"https:\/\/www.evearly.news\/fr\/wp-json\/wp\/v2\/comments?post=318765"}],"version-history":[{"count":0,"href":"https:\/\/www.evearly.news\/fr\/wp-json\/wp\/v2\/posts\/318765\/revisions"}],"wp:featuredmedia":[{"embeddable":true,"href":"https:\/\/www.evearly.news\/fr\/wp-json\/wp\/v2\/media\/318766"}],"wp:attachment":[{"href":"https:\/\/www.evearly.news\/fr\/wp-json\/wp\/v2\/media?parent=318765"}],"wp:term":[{"taxonomy":"category","embeddable":true,"href":"https:\/\/www.evearly.news\/fr\/wp-json\/wp\/v2\/categories?post=318765"},{"taxonomy":"post_tag","embeddable":true,"href":"https:\/\/www.evearly.news\/fr\/wp-json\/wp\/v2\/tags?post=318765"}],"curies":[{"name":"wp","href":"https:\/\/api.w.org\/{rel}","templated":true}]}}