{"id":318767,"date":"2026-03-13T16:28:04","date_gmt":"2026-03-13T15:28:04","guid":{"rendered":"https:\/\/www.evearly.news\/fr\/co2-les-eurodeputes-accordent-aussi-des-flexibilites-au-secteur-des-poids-lourds\/"},"modified":"2026-03-13T16:28:04","modified_gmt":"2026-03-13T15:28:04","slug":"co2-les-eurodeputes-accordent-aussi-des-flexibilites-au-secteur-des-poids-lourds","status":"publish","type":"post","link":"https:\/\/www.evearly.news\/fr\/co2-les-eurodeputes-accordent-aussi-des-flexibilites-au-secteur-des-poids-lourds\/","title":{"rendered":"CO2 : les eurod\u00e9put\u00e9s accordent aussi des flexibilit\u00e9s au secteur des poids lourds"},"content":{"rendered":"<p><img loading=\"lazy\" decoding=\"async\" width=\"500\" height=\"333\" src=\"https:\/\/www.evearly.news\/fr\/wp-content\/uploads\/sites\/6\/2026\/03\/co2-les-eurodeputes-accordent-aussi-des-flexibilites-au-secteur-des-poids-lourds.jpg\" class=\"attachment-1200x800 size-1200x800 wp-post-image\" alt=\"\" srcset=\"https:\/\/www.evearly.news\/fr\/wp-content\/uploads\/sites\/6\/2026\/03\/co2-les-eurodeputes-accordent-aussi-des-flexibilites-au-secteur-des-poids-lourds.jpg 1280w, https:\/\/www.evearly.news\/fr\/wp-content\/uploads\/sites\/6\/2026\/03\/co2-les-eurodeputes-accordent-aussi-des-flexibilites-au-secteur-des-poids-lourds-1.jpg 1024w, https:\/\/www.evearly.news\/fr\/wp-content\/uploads\/sites\/6\/2026\/03\/co2-les-eurodeputes-accordent-aussi-des-flexibilites-au-secteur-des-poids-lourds-2.jpg 768w, https:\/\/www.evearly.news\/fr\/wp-content\/uploads\/sites\/6\/2026\/03\/co2-les-eurodeputes-accordent-aussi-des-flexibilites-au-secteur-des-poids-lourds-3.jpg 700w, https:\/\/cdn.automobile-propre.com\/uploads\/2025\/11\/1763683632-daimler-truck-3-000-bornes-de-recharge-pour-camions-electriques-dici-2030-960x540.jpg 960w\" sizes=\"auto, (max-width: 1200px) 100vw, 1200px\" \/><br \/>\nApr\u00e8s le secteur de l\u2019automobile, au tour de celui des poids lourds de b\u00e9n\u00e9ficier de flexibilit\u00e9s. Le Parlement europ\u00e9en vient d\u2019approuver l\u2019assouplissement des objectifs CO2 pour les constructeurs de camions.\u00a0<a href=https:\/\/www.automobile-propre.com\/breves\/co2-les-eurodeputes-accordent-aussi-des-flexibilites-au-secteur-des-poids-lourds\/ target='bwindow'>Lire la suite&#8230;<\/a><\/p>\n","protected":false},"excerpt":{"rendered":"<p>&#8230; <a class=\"continue-reading-link\" href=\"https:\/\/www.evearly.news\/fr\/co2-les-eurodeputes-accordent-aussi-des-flexibilites-au-secteur-des-poids-lourds\/\"><\/a><\/p>\n","protected":false},"author":8,"featured_media":318768,"comment_status":"closed","ping_status":"open","sticky":false,"template":"Default","format":"standard","meta":{"footnotes":""},"categories":[8],"tags":[],"class_list":["post-318767","post","type-post","status-publish","format-standard","has-post-thumbnail","hentry","category-automobile-propre"],"_links":{"self":[{"href":"https:\/\/www.evearly.news\/fr\/wp-json\/wp\/v2\/posts\/318767","targetHints":{"allow":["GET"]}}],"collection":[{"href":"https:\/\/www.evearly.news\/fr\/wp-json\/wp\/v2\/posts"}],"about":[{"href":"https:\/\/www.evearly.news\/fr\/wp-json\/wp\/v2\/types\/post"}],"author":[{"embeddable":true,"href":"https:\/\/www.evearly.news\/fr\/wp-json\/wp\/v2\/users\/8"}],"replies":[{"embeddable":true,"href":"https:\/\/www.evearly.news\/fr\/wp-json\/wp\/v2\/comments?post=318767"}],"version-history":[{"count":0,"href":"https:\/\/www.evearly.news\/fr\/wp-json\/wp\/v2\/posts\/318767\/revisions"}],"wp:featuredmedia":[{"embeddable":true,"href":"https:\/\/www.evearly.news\/fr\/wp-json\/wp\/v2\/media\/318768"}],"wp:attachment":[{"href":"https:\/\/www.evearly.news\/fr\/wp-json\/wp\/v2\/media?parent=318767"}],"wp:term":[{"taxonomy":"category","embeddable":true,"href":"https:\/\/www.evearly.news\/fr\/wp-json\/wp\/v2\/categories?post=318767"},{"taxonomy":"post_tag","embeddable":true,"href":"https:\/\/www.evearly.news\/fr\/wp-json\/wp\/v2\/tags?post=318767"}],"curies":[{"name":"wp","href":"https:\/\/api.w.org\/{rel}","templated":true}]}}