{"id":318770,"date":"2026-03-13T18:30:41","date_gmt":"2026-03-13T17:30:41","guid":{"rendered":"https:\/\/www.evearly.news\/fr\/mercedes-vle-2026-premier-contact-avec-lutilitaire-electrique-grande-limousine\/"},"modified":"2026-03-13T18:30:41","modified_gmt":"2026-03-13T17:30:41","slug":"mercedes-vle-2026-premier-contact-avec-lutilitaire-electrique-grande-limousine","status":"publish","type":"post","link":"https:\/\/www.evearly.news\/fr\/mercedes-vle-2026-premier-contact-avec-lutilitaire-electrique-grande-limousine\/","title":{"rendered":"Mercedes VLE 2026 : premier contact avec l\u2019utilitaire \u00e9lectrique \u00ab\u00a0Grande Limousine\u00a0\u00bb"},"content":{"rendered":"<p><img decoding=\"async\" width=\"500\" height=\"333\" src=\"https:\/\/cdn.automobile-propre.com\/uploads\/2026\/03\/\u00a9Nass-M.-Statique-Mercedes-VLE-4-1536x1024.jpg\" class=\"attachment-1200x800 size-1200x800 wp-post-image\" alt=\"Face avant du Mercedes VLE\" loading=\"lazy\" srcset=\"https:\/\/cdn.automobile-propre.com\/uploads\/2026\/03\/\u00a9Nass-M.-Statique-Mercedes-VLE-4-1536x1024.jpg 1536w, https:\/\/cdn.automobile-propre.com\/uploads\/2026\/03\/\u00a9Nass-M.-Statique-Mercedes-VLE-4-1640x1093.jpg 1640w, https:\/\/cdn.automobile-propre.com\/uploads\/2026\/03\/\u00a9Nass-M.-Statique-Mercedes-VLE-4-1024x682.jpg 1024w, https:\/\/cdn.automobile-propre.com\/uploads\/2026\/03\/\u00a9Nass-M.-Statique-Mercedes-VLE-4-140x93.jpg 140w, https:\/\/cdn.automobile-propre.com\/uploads\/2026\/03\/\u00a9Nass-M.-Statique-Mercedes-VLE-4-768x512.jpg 768w, https:\/\/cdn.automobile-propre.com\/uploads\/2026\/03\/\u00a9Nass-M.-Statique-Mercedes-VLE-4-700x467.jpg 700w, https:\/\/cdn.automobile-propre.com\/uploads\/2026\/03\/\u00a9Nass-M.-Statique-Mercedes-VLE-4-960x640.jpg 960w, https:\/\/cdn.automobile-propre.com\/uploads\/2026\/03\/\u00a9Nass-M.-Statique-Mercedes-VLE-4-100x66.jpg 100w, https:\/\/cdn.automobile-propre.com\/uploads\/2026\/03\/\u00a9Nass-M.-Statique-Mercedes-VLE-4.jpg 2000w\" sizes=\"auto, (max-width: 1200px) 100vw, 1200px\" \/><br \/>\nMercedes-Benz nous d\u00e9voile son tout nouveau mod\u00e8le 100% \u00e9lectrique con\u00e7u pour voyager. Au programme : les atouts haut de gamme\u2026\u00a0<a href=https:\/\/www.automobile-propre.com\/articles\/mercedes-vle-2026-premier-contact-avec-lutilitaire-electrique-grande-limousine\/ target='bwindow'>Lire la suite&#8230;<\/a><\/p>\n","protected":false},"excerpt":{"rendered":"<p>&#8230; <a class=\"continue-reading-link\" href=\"https:\/\/www.evearly.news\/fr\/mercedes-vle-2026-premier-contact-avec-lutilitaire-electrique-grande-limousine\/\"><\/a><\/p>\n","protected":false},"author":8,"featured_media":0,"comment_status":"closed","ping_status":"open","sticky":false,"template":"Default","format":"standard","meta":{"footnotes":""},"categories":[8],"tags":[],"class_list":["post-318770","post","type-post","status-publish","format-standard","hentry","category-automobile-propre"],"_links":{"self":[{"href":"https:\/\/www.evearly.news\/fr\/wp-json\/wp\/v2\/posts\/318770","targetHints":{"allow":["GET"]}}],"collection":[{"href":"https:\/\/www.evearly.news\/fr\/wp-json\/wp\/v2\/posts"}],"about":[{"href":"https:\/\/www.evearly.news\/fr\/wp-json\/wp\/v2\/types\/post"}],"author":[{"embeddable":true,"href":"https:\/\/www.evearly.news\/fr\/wp-json\/wp\/v2\/users\/8"}],"replies":[{"embeddable":true,"href":"https:\/\/www.evearly.news\/fr\/wp-json\/wp\/v2\/comments?post=318770"}],"version-history":[{"count":0,"href":"https:\/\/www.evearly.news\/fr\/wp-json\/wp\/v2\/posts\/318770\/revisions"}],"wp:attachment":[{"href":"https:\/\/www.evearly.news\/fr\/wp-json\/wp\/v2\/media?parent=318770"}],"wp:term":[{"taxonomy":"category","embeddable":true,"href":"https:\/\/www.evearly.news\/fr\/wp-json\/wp\/v2\/categories?post=318770"},{"taxonomy":"post_tag","embeddable":true,"href":"https:\/\/www.evearly.news\/fr\/wp-json\/wp\/v2\/tags?post=318770"}],"curies":[{"name":"wp","href":"https:\/\/api.w.org\/{rel}","templated":true}]}}