{"id":318775,"date":"2026-03-13T10:38:39","date_gmt":"2026-03-13T09:38:39","guid":{"rendered":"https:\/\/www.evearly.news\/fr\/le-prix-des-voitures-electriques-a-baisse-de-1-800-euros-en-2025-mais-pas-grace-aux-marques-qui-ont-baisse-leurs-prix\/"},"modified":"2026-03-13T10:38:39","modified_gmt":"2026-03-13T09:38:39","slug":"le-prix-des-voitures-electriques-a-baisse-de-1-800-euros-en-2025-mais-pas-grace-aux-marques-qui-ont-baisse-leurs-prix","status":"publish","type":"post","link":"https:\/\/www.evearly.news\/fr\/le-prix-des-voitures-electriques-a-baisse-de-1-800-euros-en-2025-mais-pas-grace-aux-marques-qui-ont-baisse-leurs-prix\/","title":{"rendered":"Le prix des voitures \u00e9lectriques a baiss\u00e9 de 1\u00a0800\u00a0euros en 2025, mais pas\u00a0gr\u00e2ce aux marques qui ont baiss\u00e9 leurs prix"},"content":{"rendered":"<p><img decoding=\"async\" src=\"https:\/\/www.evearly.news\/fr\/wp-content\/uploads\/sites\/6\/2026\/03\/le-prix-des-voitures-electriques-a-baisse-de-1-800-euros-en-2025-mais-pas-grace-aux-marques-qui-ont-baisse-leurs-prix.jpg\" alt=\"caradisiac\" ><br \/>Selon une ONG, le prix moyen des VE a baiss\u00e9 de 4\u00a0% l\u2019an pass\u00e9. Mais elle n\u2019est pas li\u00e9e \u00e0 la g\u00e9n\u00e9rosit\u00e9 des marques, mais tout simplement \u00e0 l\u2019arriv\u00e9e de petits mod\u00e8les du segment B. <a href=https:\/\/www.caradisiac.com\/le-prix-des-voitures-electriques-a-baisse-de-1-800-euros-en-2025-mais-pas-grace-aux-marques-qui-ont-baisse-leurs-prix-220911.htm#xtor=RSS-40 target=blank>Lire la suite&#8230;<\/a><\/p>\n","protected":false},"excerpt":{"rendered":"<p><img decoding=\"async\" src=\"https:\/\/www.evearly.news\/fr\/wp-content\/uploads\/sites\/6\/2026\/03\/le-prix-des-voitures-electriques-a-baisse-de-1-800-euros-en-2025-mais-pas-grace-aux-marques-qui-ont-baisse-leurs-prix.jpg\" alt=\"caradisiac\"><br \/>Selon une ONG, le prix moyen des VE a baiss\u00e9 de 4\u00a0% l\u2019an pass\u00e9. Mais elle n\u2019est pas li\u00e9e \u00e0 la g\u00e9n\u00e9rosit\u00e9 des marques, mais tout simplement \u00e0 l\u2019arriv\u00e9e de petits mod\u00e8les du segment B.<\/p>\n<p> <a class=\"continue-reading-link\" href=\"https:\/\/www.evearly.news\/fr\/le-prix-des-voitures-electriques-a-baisse-de-1-800-euros-en-2025-mais-pas-grace-aux-marques-qui-ont-baisse-leurs-prix\/\"><\/a><\/p>\n","protected":false},"author":11,"featured_media":318776,"comment_status":"closed","ping_status":"open","sticky":false,"template":"Default","format":"standard","meta":{"footnotes":""},"categories":[11],"tags":[],"class_list":["post-318775","post","type-post","status-publish","format-standard","has-post-thumbnail","hentry","category-caradisiac"],"_links":{"self":[{"href":"https:\/\/www.evearly.news\/fr\/wp-json\/wp\/v2\/posts\/318775","targetHints":{"allow":["GET"]}}],"collection":[{"href":"https:\/\/www.evearly.news\/fr\/wp-json\/wp\/v2\/posts"}],"about":[{"href":"https:\/\/www.evearly.news\/fr\/wp-json\/wp\/v2\/types\/post"}],"author":[{"embeddable":true,"href":"https:\/\/www.evearly.news\/fr\/wp-json\/wp\/v2\/users\/11"}],"replies":[{"embeddable":true,"href":"https:\/\/www.evearly.news\/fr\/wp-json\/wp\/v2\/comments?post=318775"}],"version-history":[{"count":0,"href":"https:\/\/www.evearly.news\/fr\/wp-json\/wp\/v2\/posts\/318775\/revisions"}],"wp:featuredmedia":[{"embeddable":true,"href":"https:\/\/www.evearly.news\/fr\/wp-json\/wp\/v2\/media\/318776"}],"wp:attachment":[{"href":"https:\/\/www.evearly.news\/fr\/wp-json\/wp\/v2\/media?parent=318775"}],"wp:term":[{"taxonomy":"category","embeddable":true,"href":"https:\/\/www.evearly.news\/fr\/wp-json\/wp\/v2\/categories?post=318775"},{"taxonomy":"post_tag","embeddable":true,"href":"https:\/\/www.evearly.news\/fr\/wp-json\/wp\/v2\/tags?post=318775"}],"curies":[{"name":"wp","href":"https:\/\/api.w.org\/{rel}","templated":true}]}}