{"id":318777,"date":"2026-03-13T18:47:58","date_gmt":"2026-03-13T17:47:58","guid":{"rendered":"https:\/\/www.evearly.news\/fr\/essai-mercedes-cla-electrique\/"},"modified":"2026-03-15T08:19:14","modified_gmt":"2026-03-15T07:19:14","slug":"essai-mercedes-cla-electrique","status":"publish","type":"post","link":"https:\/\/www.evearly.news\/fr\/essai-mercedes-cla-electrique\/","title":{"rendered":"Essai Mercedes CLA \u00e9lectrique"},"content":{"rendered":"<p><img decoding=\"async\" src=\"https:\/\/electriquemag.fr\/wp-content\/uploads\/2026\/03\/Design-sans-titre-7.png\" \/><br \/>\nApr\u00e8s des d\u00e9buts compliqu\u00e9s dans l\u2019univers des voitures \u00e9lectriques, Mercedes revoit sa strat\u00e9gie avec la nouvelle CLA \u00e9quip\u00e9e de la technologie EQ. La berline repose sur une plateforme enti\u00e8rement pens\u00e9e pour l\u2019\u00e9lectrique et inaugure plusieurs innovations techniques. Parmi elles, une architecture 800 volts, une recharge ultra rapide et surtout une \u00e9tonnante bo\u00eete de vitesses \u00e0 deux rapports destin\u00e9e \u00e0 optimiser\u2026 <a href=\"https:\/\/electriquemag.fr\/essai-mercedes-cla-electrique\/\" target=\"bwindow\">Lire la suite&#8230;<\/a><\/p>\n","protected":false},"excerpt":{"rendered":"<p>&#8230; <a class=\"continue-reading-link\" href=\"https:\/\/www.evearly.news\/fr\/essai-mercedes-cla-electrique\/\"><\/a><\/p>\n","protected":false},"author":13,"featured_media":0,"comment_status":"closed","ping_status":"open","sticky":false,"template":"Default","format":"standard","meta":{"footnotes":""},"categories":[13],"tags":[],"class_list":["post-318777","post","type-post","status-publish","format-standard","hentry","category-electriquemag"],"_links":{"self":[{"href":"https:\/\/www.evearly.news\/fr\/wp-json\/wp\/v2\/posts\/318777","targetHints":{"allow":["GET"]}}],"collection":[{"href":"https:\/\/www.evearly.news\/fr\/wp-json\/wp\/v2\/posts"}],"about":[{"href":"https:\/\/www.evearly.news\/fr\/wp-json\/wp\/v2\/types\/post"}],"author":[{"embeddable":true,"href":"https:\/\/www.evearly.news\/fr\/wp-json\/wp\/v2\/users\/13"}],"replies":[{"embeddable":true,"href":"https:\/\/www.evearly.news\/fr\/wp-json\/wp\/v2\/comments?post=318777"}],"version-history":[{"count":1,"href":"https:\/\/www.evearly.news\/fr\/wp-json\/wp\/v2\/posts\/318777\/revisions"}],"predecessor-version":[{"id":318848,"href":"https:\/\/www.evearly.news\/fr\/wp-json\/wp\/v2\/posts\/318777\/revisions\/318848"}],"wp:attachment":[{"href":"https:\/\/www.evearly.news\/fr\/wp-json\/wp\/v2\/media?parent=318777"}],"wp:term":[{"taxonomy":"category","embeddable":true,"href":"https:\/\/www.evearly.news\/fr\/wp-json\/wp\/v2\/categories?post=318777"},{"taxonomy":"post_tag","embeddable":true,"href":"https:\/\/www.evearly.news\/fr\/wp-json\/wp\/v2\/tags?post=318777"}],"curies":[{"name":"wp","href":"https:\/\/api.w.org\/{rel}","templated":true}]}}