{"id":318778,"date":"2026-03-13T18:56:40","date_gmt":"2026-03-13T17:56:40","guid":{"rendered":"https:\/\/www.evearly.news\/fr\/mercedes-baby-classe-g-le-suv-urbain-se-precise\/"},"modified":"2026-03-13T18:56:40","modified_gmt":"2026-03-13T17:56:40","slug":"mercedes-baby-classe-g-le-suv-urbain-se-precise","status":"publish","type":"post","link":"https:\/\/www.evearly.news\/fr\/mercedes-baby-classe-g-le-suv-urbain-se-precise\/","title":{"rendered":"Mercedes \u00ab Baby \u00bb Classe G, le SUV urbain se pr\u00e9cise"},"content":{"rendered":"<div class=\"media_block\"><img decoding=\"async\" src=\"https:\/\/www.evearly.news\/fr\/wp-content\/uploads\/sites\/6\/2026\/03\/mercedes-baby-classe-g-le-suv-urbain-se-precise.jpg\"><\/div>\n<p>Attendu en 2027, le petit fr\u00e8re du Mercedes Classe G se pr\u00e9cise. Nos chasseurs de scoops viennent de surprendre dans le nord de la Su\u00e8de lors d\u2019un test hivernal une nouvelle s\u00e9rie de prototypes. Le petit baroudeur pr\u00e9vu initialement comme un v\u00e9hicule 100% \u00e9lectrique a d\u00fb comme bon nombre de concurrents envisager \u00e9galement des versions thermiques hybrid\u00e9es pour lui assurer le succ\u00e8s. <a href=https:\/\/www.automobile-magazine.fr\/voitures-electriques\/article\/51315-mercedes-baby-classe-g-le-suv-urbain-se-precise target='bwindow'>Lire la suite&#8230;<\/a><\/p>\n","protected":false},"excerpt":{"rendered":"<div class=\"media_block\"><img decoding=\"async\" src=\"https:\/\/www.evearly.news\/fr\/wp-content\/uploads\/sites\/6\/2026\/03\/mercedes-baby-classe-g-le-suv-urbain-se-precise.jpg\"><\/div>\n<p> <a class=\"continue-reading-link\" href=\"https:\/\/www.evearly.news\/fr\/mercedes-baby-classe-g-le-suv-urbain-se-precise\/\"><\/a><\/p>\n","protected":false},"author":7,"featured_media":318779,"comment_status":"closed","ping_status":"open","sticky":false,"template":"Default","format":"standard","meta":{"footnotes":""},"categories":[7],"tags":[],"class_list":["post-318778","post","type-post","status-publish","format-standard","has-post-thumbnail","hentry","category-automobile-magazine"],"_links":{"self":[{"href":"https:\/\/www.evearly.news\/fr\/wp-json\/wp\/v2\/posts\/318778","targetHints":{"allow":["GET"]}}],"collection":[{"href":"https:\/\/www.evearly.news\/fr\/wp-json\/wp\/v2\/posts"}],"about":[{"href":"https:\/\/www.evearly.news\/fr\/wp-json\/wp\/v2\/types\/post"}],"author":[{"embeddable":true,"href":"https:\/\/www.evearly.news\/fr\/wp-json\/wp\/v2\/users\/7"}],"replies":[{"embeddable":true,"href":"https:\/\/www.evearly.news\/fr\/wp-json\/wp\/v2\/comments?post=318778"}],"version-history":[{"count":0,"href":"https:\/\/www.evearly.news\/fr\/wp-json\/wp\/v2\/posts\/318778\/revisions"}],"wp:featuredmedia":[{"embeddable":true,"href":"https:\/\/www.evearly.news\/fr\/wp-json\/wp\/v2\/media\/318779"}],"wp:attachment":[{"href":"https:\/\/www.evearly.news\/fr\/wp-json\/wp\/v2\/media?parent=318778"}],"wp:term":[{"taxonomy":"category","embeddable":true,"href":"https:\/\/www.evearly.news\/fr\/wp-json\/wp\/v2\/categories?post=318778"},{"taxonomy":"post_tag","embeddable":true,"href":"https:\/\/www.evearly.news\/fr\/wp-json\/wp\/v2\/tags?post=318778"}],"curies":[{"name":"wp","href":"https:\/\/api.w.org\/{rel}","templated":true}]}}