{"id":318780,"date":"2026-03-13T18:57:27","date_gmt":"2026-03-13T17:57:27","guid":{"rendered":"https:\/\/www.evearly.news\/fr\/apres-lexplorer-ford-poursuit-la-montee-en-puissance-de-sa-capri-electrique\/"},"modified":"2026-03-13T18:57:27","modified_gmt":"2026-03-13T17:57:27","slug":"apres-lexplorer-ford-poursuit-la-montee-en-puissance-de-sa-capri-electrique","status":"publish","type":"post","link":"https:\/\/www.evearly.news\/fr\/apres-lexplorer-ford-poursuit-la-montee-en-puissance-de-sa-capri-electrique\/","title":{"rendered":"Apr\u00e8s l\u2019Explorer, Ford poursuit la mont\u00e9e en puissance de sa Capri \u00e9lectrique"},"content":{"rendered":"<div class=\"media_block\"><img decoding=\"async\" src=\"https:\/\/www.evearly.news\/fr\/wp-content\/uploads\/sites\/6\/2026\/03\/apres-lexplorer-ford-poursuit-la-montee-en-puissance-de-sa-capri-electrique.jpg\"><\/div>\n<p>Quelques semaines apr\u00e8s une premi\u00e8re \u00e9volution technique, Ford poursuit les ajustements sur sa Capri \u00e9lectrique. Batterie LFP plus grosse, motorisation optimis\u00e9e, nouvelles technologies et s\u00e9rie sp\u00e9ciale viennent enrichir l\u2019offre. Des \u00e9volutions qui s\u2019inscrivent dans une strat\u00e9gie progressive visant \u00e0 renforcer l\u2019attractivit\u00e9 des SUV \u00e9lectriques du constructeur en Europe, dans un contexte commercial encore incertain.\u00a0 <a href=https:\/\/www.automobile-magazine.fr\/voitures-electriques\/article\/51293-apres-lexplorer-ford-poursuit-la-montee-en-puissance-de-sa-capri-electrique target='bwindow'>Lire la suite&#8230;<\/a><\/p>\n","protected":false},"excerpt":{"rendered":"<div class=\"media_block\"><img decoding=\"async\" src=\"https:\/\/www.evearly.news\/fr\/wp-content\/uploads\/sites\/6\/2026\/03\/apres-lexplorer-ford-poursuit-la-montee-en-puissance-de-sa-capri-electrique.jpg\"><\/div>\n<p> <a class=\"continue-reading-link\" href=\"https:\/\/www.evearly.news\/fr\/apres-lexplorer-ford-poursuit-la-montee-en-puissance-de-sa-capri-electrique\/\"><\/a><\/p>\n","protected":false},"author":7,"featured_media":318781,"comment_status":"closed","ping_status":"open","sticky":false,"template":"Default","format":"standard","meta":{"footnotes":""},"categories":[7],"tags":[],"class_list":["post-318780","post","type-post","status-publish","format-standard","has-post-thumbnail","hentry","category-automobile-magazine"],"_links":{"self":[{"href":"https:\/\/www.evearly.news\/fr\/wp-json\/wp\/v2\/posts\/318780","targetHints":{"allow":["GET"]}}],"collection":[{"href":"https:\/\/www.evearly.news\/fr\/wp-json\/wp\/v2\/posts"}],"about":[{"href":"https:\/\/www.evearly.news\/fr\/wp-json\/wp\/v2\/types\/post"}],"author":[{"embeddable":true,"href":"https:\/\/www.evearly.news\/fr\/wp-json\/wp\/v2\/users\/7"}],"replies":[{"embeddable":true,"href":"https:\/\/www.evearly.news\/fr\/wp-json\/wp\/v2\/comments?post=318780"}],"version-history":[{"count":0,"href":"https:\/\/www.evearly.news\/fr\/wp-json\/wp\/v2\/posts\/318780\/revisions"}],"wp:featuredmedia":[{"embeddable":true,"href":"https:\/\/www.evearly.news\/fr\/wp-json\/wp\/v2\/media\/318781"}],"wp:attachment":[{"href":"https:\/\/www.evearly.news\/fr\/wp-json\/wp\/v2\/media?parent=318780"}],"wp:term":[{"taxonomy":"category","embeddable":true,"href":"https:\/\/www.evearly.news\/fr\/wp-json\/wp\/v2\/categories?post=318780"},{"taxonomy":"post_tag","embeddable":true,"href":"https:\/\/www.evearly.news\/fr\/wp-json\/wp\/v2\/tags?post=318780"}],"curies":[{"name":"wp","href":"https:\/\/api.w.org\/{rel}","templated":true}]}}