{"id":318782,"date":"2026-03-13T18:58:12","date_gmt":"2026-03-13T17:58:12","guid":{"rendered":"https:\/\/www.evearly.news\/fr\/pourquoi-le-prix-des-voitures-electriques-commence-enfin-a-baisser-en-europe-une-premiere-depuis-5-ans\/"},"modified":"2026-03-13T18:58:12","modified_gmt":"2026-03-13T17:58:12","slug":"pourquoi-le-prix-des-voitures-electriques-commence-enfin-a-baisser-en-europe-une-premiere-depuis-5-ans","status":"publish","type":"post","link":"https:\/\/www.evearly.news\/fr\/pourquoi-le-prix-des-voitures-electriques-commence-enfin-a-baisser-en-europe-une-premiere-depuis-5-ans\/","title":{"rendered":"Pourquoi le prix des voitures \u00e9lectriques commence enfin \u00e0 baisser en Europe, une premi\u00e8re depuis 5 ans"},"content":{"rendered":"<div class=\"media_block\"><img decoding=\"async\" src=\"https:\/\/www.evearly.news\/fr\/wp-content\/uploads\/sites\/6\/2026\/03\/pourquoi-le-prix-des-voitures-electriques-commence-enfin-a-baisser-en-europe-une-premiere-depuis-5-ans.jpg\"><\/div>\n<p>Le prix moyen des voitures \u00e9lectriques vendues dans l\u2019Union europ\u00e9enne a recul\u00e9 en 2025 pour la premi\u00e8re fois depuis cinq ans. Une \u00e9volution li\u00e9e \u00e0 l\u2019arriv\u00e9e de mod\u00e8les plus abordables, mais aussi aux contraintes r\u00e9glementaires impos\u00e9es aux constructeurs. Derri\u00e8re cette baisse encore limit\u00e9e se joue en r\u00e9alit\u00e9 une bataille strat\u00e9gique entre l\u2019industrie automobile et Bruxelles, qui pourrait influencer durablement le rythme de d\u00e9mocratisation de l\u2019\u00e9lectrique.\u00a0 <a href=https:\/\/www.automobile-magazine.fr\/voitures-electriques\/article\/51299-pourquoi-le-prix-des-voitures-electriques-commence-enfin-a-baisser-en-europe-une-premiere-depuis-5-ans target='bwindow'>Lire la suite&#8230;<\/a><\/p>\n","protected":false},"excerpt":{"rendered":"<div class=\"media_block\"><img decoding=\"async\" src=\"https:\/\/www.evearly.news\/fr\/wp-content\/uploads\/sites\/6\/2026\/03\/pourquoi-le-prix-des-voitures-electriques-commence-enfin-a-baisser-en-europe-une-premiere-depuis-5-ans.jpg\"><\/div>\n<p> <a class=\"continue-reading-link\" href=\"https:\/\/www.evearly.news\/fr\/pourquoi-le-prix-des-voitures-electriques-commence-enfin-a-baisser-en-europe-une-premiere-depuis-5-ans\/\"><\/a><\/p>\n","protected":false},"author":7,"featured_media":318783,"comment_status":"closed","ping_status":"open","sticky":false,"template":"Default","format":"standard","meta":{"footnotes":""},"categories":[7],"tags":[],"class_list":["post-318782","post","type-post","status-publish","format-standard","has-post-thumbnail","hentry","category-automobile-magazine"],"_links":{"self":[{"href":"https:\/\/www.evearly.news\/fr\/wp-json\/wp\/v2\/posts\/318782","targetHints":{"allow":["GET"]}}],"collection":[{"href":"https:\/\/www.evearly.news\/fr\/wp-json\/wp\/v2\/posts"}],"about":[{"href":"https:\/\/www.evearly.news\/fr\/wp-json\/wp\/v2\/types\/post"}],"author":[{"embeddable":true,"href":"https:\/\/www.evearly.news\/fr\/wp-json\/wp\/v2\/users\/7"}],"replies":[{"embeddable":true,"href":"https:\/\/www.evearly.news\/fr\/wp-json\/wp\/v2\/comments?post=318782"}],"version-history":[{"count":0,"href":"https:\/\/www.evearly.news\/fr\/wp-json\/wp\/v2\/posts\/318782\/revisions"}],"wp:featuredmedia":[{"embeddable":true,"href":"https:\/\/www.evearly.news\/fr\/wp-json\/wp\/v2\/media\/318783"}],"wp:attachment":[{"href":"https:\/\/www.evearly.news\/fr\/wp-json\/wp\/v2\/media?parent=318782"}],"wp:term":[{"taxonomy":"category","embeddable":true,"href":"https:\/\/www.evearly.news\/fr\/wp-json\/wp\/v2\/categories?post=318782"},{"taxonomy":"post_tag","embeddable":true,"href":"https:\/\/www.evearly.news\/fr\/wp-json\/wp\/v2\/tags?post=318782"}],"curies":[{"name":"wp","href":"https:\/\/api.w.org\/{rel}","templated":true}]}}