{"id":318784,"date":"2026-03-13T18:59:00","date_gmt":"2026-03-13T17:59:00","guid":{"rendered":"https:\/\/www.evearly.news\/fr\/apres-avoir-alerte-honda-passe-a-laction-et-paie-le-prix-de-son-virage-electrique\/"},"modified":"2026-03-13T18:59:00","modified_gmt":"2026-03-13T17:59:00","slug":"apres-avoir-alerte-honda-passe-a-laction-et-paie-le-prix-de-son-virage-electrique","status":"publish","type":"post","link":"https:\/\/www.evearly.news\/fr\/apres-avoir-alerte-honda-passe-a-laction-et-paie-le-prix-de-son-virage-electrique\/","title":{"rendered":"Apr\u00e8s avoir alert\u00e9 Honda passe \u00e0 l\u2019action et paie le prix de son virage \u00e9lectrique"},"content":{"rendered":"<div class=\"media_block\"><img decoding=\"async\" src=\"https:\/\/www.evearly.news\/fr\/wp-content\/uploads\/sites\/6\/2026\/03\/apres-avoir-alerte-honda-passe-a-laction-et-paie-le-prix-de-son-virage-electrique.jpg\"><\/div>\n<p>Un mois apr\u00e8s avoir reconnu la n\u00e9cessit\u00e9 de revoir sa trajectoire dans l\u2019\u00e9lectrique, Honda franchit une nouvelle \u00e9tape. Le constructeur japonais anticipe d\u00e9sormais une perte annuelle pouvant atteindre 570 milliards de yens, li\u00e9e notamment \u00e0 l\u2019abandon de plusieurs projets de mod\u00e8les \u00e0 batterie. Entre le ralentissement du march\u00e9, la pression concurrentielle et les incertitudes politiques, cette d\u00e9cision illustre les arbitrages industriels de plus en plus difficiles auxquels sont confront\u00e9s les grands groupes automobiles. <a href=https:\/\/www.automobile-magazine.fr\/voitures-electriques\/article\/51291-apres-avoir-alerte-honda-passe-a-laction-et-paie-le-prix-de-son-virage-electrique target='bwindow'>Lire la suite&#8230;<\/a><\/p>\n","protected":false},"excerpt":{"rendered":"<div class=\"media_block\"><img decoding=\"async\" src=\"https:\/\/www.evearly.news\/fr\/wp-content\/uploads\/sites\/6\/2026\/03\/apres-avoir-alerte-honda-passe-a-laction-et-paie-le-prix-de-son-virage-electrique.jpg\"><\/div>\n<p> <a class=\"continue-reading-link\" href=\"https:\/\/www.evearly.news\/fr\/apres-avoir-alerte-honda-passe-a-laction-et-paie-le-prix-de-son-virage-electrique\/\"><\/a><\/p>\n","protected":false},"author":7,"featured_media":318785,"comment_status":"closed","ping_status":"open","sticky":false,"template":"Default","format":"standard","meta":{"footnotes":""},"categories":[7],"tags":[],"class_list":["post-318784","post","type-post","status-publish","format-standard","has-post-thumbnail","hentry","category-automobile-magazine"],"_links":{"self":[{"href":"https:\/\/www.evearly.news\/fr\/wp-json\/wp\/v2\/posts\/318784","targetHints":{"allow":["GET"]}}],"collection":[{"href":"https:\/\/www.evearly.news\/fr\/wp-json\/wp\/v2\/posts"}],"about":[{"href":"https:\/\/www.evearly.news\/fr\/wp-json\/wp\/v2\/types\/post"}],"author":[{"embeddable":true,"href":"https:\/\/www.evearly.news\/fr\/wp-json\/wp\/v2\/users\/7"}],"replies":[{"embeddable":true,"href":"https:\/\/www.evearly.news\/fr\/wp-json\/wp\/v2\/comments?post=318784"}],"version-history":[{"count":0,"href":"https:\/\/www.evearly.news\/fr\/wp-json\/wp\/v2\/posts\/318784\/revisions"}],"wp:featuredmedia":[{"embeddable":true,"href":"https:\/\/www.evearly.news\/fr\/wp-json\/wp\/v2\/media\/318785"}],"wp:attachment":[{"href":"https:\/\/www.evearly.news\/fr\/wp-json\/wp\/v2\/media?parent=318784"}],"wp:term":[{"taxonomy":"category","embeddable":true,"href":"https:\/\/www.evearly.news\/fr\/wp-json\/wp\/v2\/categories?post=318784"},{"taxonomy":"post_tag","embeddable":true,"href":"https:\/\/www.evearly.news\/fr\/wp-json\/wp\/v2\/tags?post=318784"}],"curies":[{"name":"wp","href":"https:\/\/api.w.org\/{rel}","templated":true}]}}