{"id":318786,"date":"2026-03-13T18:59:34","date_gmt":"2026-03-13T17:59:34","guid":{"rendered":"https:\/\/www.evearly.news\/fr\/les-futures-megane-et-scenic-ne-seront-pas-forcement-100-electriques-renault-indique-comment-il-compte-faire\/"},"modified":"2026-03-13T18:59:34","modified_gmt":"2026-03-13T17:59:34","slug":"les-futures-megane-et-scenic-ne-seront-pas-forcement-100-electriques-renault-indique-comment-il-compte-faire","status":"publish","type":"post","link":"https:\/\/www.evearly.news\/fr\/les-futures-megane-et-scenic-ne-seront-pas-forcement-100-electriques-renault-indique-comment-il-compte-faire\/","title":{"rendered":"Les futures M\u00e9gane et Sc\u00e9nic ne seront pas forc\u00e9ment 100% \u00e9lectriques, Renault indique comment il compte faire"},"content":{"rendered":"<div class=\"media_block\"><img decoding=\"async\" src=\"https:\/\/www.evearly.news\/fr\/wp-content\/uploads\/sites\/6\/2026\/03\/les-futures-megane-et-scenic-ne-seront-pas-forcement-100-electriques-renault-indique-comment-il-compte-faire.jpg\"><\/div>\n<p>Lors de la conf\u00e9rence de pr\u00e9sentation de son plan strat\u00e9gique FutuREady, le groupe Renault ne s&rsquo;est pas content\u00e9 de d\u00e9voiler deux concept-cars, sous sa propre marque, et le nouveau break baroudeur Dacia Striker. Il a aussi d\u00e9voil\u00e9 sa toute nouvelle plateforme RGEV Medium 2.0, qui servira pour ses futures voitures \u00e9lectriques\u2026 ou \u00e0 prolongateur d&rsquo;autonomie. Le Losange se pr\u00e9pare en effet \u00e0 proposer cette alternative \u00e0 l&rsquo;hybride rechargeable, tout en promettant des caract\u00e9ristiques en net progr\u00e8s pour les rempla\u00e7antes des M\u00e9gane et Sc\u00e9nic E-Tech. <a href=https:\/\/www.automobile-magazine.fr\/voitures-electriques\/article\/51297-les-futures-megane-et-scenic-ne-seront-pas-forcement-100-electriques-renault-indique-comment-il-compte-faire target='bwindow'>Lire la suite&#8230;<\/a><\/p>\n","protected":false},"excerpt":{"rendered":"<div class=\"media_block\"><img decoding=\"async\" src=\"https:\/\/www.evearly.news\/fr\/wp-content\/uploads\/sites\/6\/2026\/03\/les-futures-megane-et-scenic-ne-seront-pas-forcement-100-electriques-renault-indique-comment-il-compte-faire.jpg\"><\/div>\n<p> <a class=\"continue-reading-link\" href=\"https:\/\/www.evearly.news\/fr\/les-futures-megane-et-scenic-ne-seront-pas-forcement-100-electriques-renault-indique-comment-il-compte-faire\/\"><\/a><\/p>\n","protected":false},"author":7,"featured_media":318787,"comment_status":"closed","ping_status":"open","sticky":false,"template":"Default","format":"standard","meta":{"footnotes":""},"categories":[7],"tags":[],"class_list":["post-318786","post","type-post","status-publish","format-standard","has-post-thumbnail","hentry","category-automobile-magazine"],"_links":{"self":[{"href":"https:\/\/www.evearly.news\/fr\/wp-json\/wp\/v2\/posts\/318786","targetHints":{"allow":["GET"]}}],"collection":[{"href":"https:\/\/www.evearly.news\/fr\/wp-json\/wp\/v2\/posts"}],"about":[{"href":"https:\/\/www.evearly.news\/fr\/wp-json\/wp\/v2\/types\/post"}],"author":[{"embeddable":true,"href":"https:\/\/www.evearly.news\/fr\/wp-json\/wp\/v2\/users\/7"}],"replies":[{"embeddable":true,"href":"https:\/\/www.evearly.news\/fr\/wp-json\/wp\/v2\/comments?post=318786"}],"version-history":[{"count":0,"href":"https:\/\/www.evearly.news\/fr\/wp-json\/wp\/v2\/posts\/318786\/revisions"}],"wp:featuredmedia":[{"embeddable":true,"href":"https:\/\/www.evearly.news\/fr\/wp-json\/wp\/v2\/media\/318787"}],"wp:attachment":[{"href":"https:\/\/www.evearly.news\/fr\/wp-json\/wp\/v2\/media?parent=318786"}],"wp:term":[{"taxonomy":"category","embeddable":true,"href":"https:\/\/www.evearly.news\/fr\/wp-json\/wp\/v2\/categories?post=318786"},{"taxonomy":"post_tag","embeddable":true,"href":"https:\/\/www.evearly.news\/fr\/wp-json\/wp\/v2\/tags?post=318786"}],"curies":[{"name":"wp","href":"https:\/\/api.w.org\/{rel}","templated":true}]}}