{"id":318792,"date":"2026-03-13T19:05:30","date_gmt":"2026-03-13T18:05:30","guid":{"rendered":"https:\/\/www.evearly.news\/fr\/volkswagen-va-rebaptiser-sa-compacte-electrique-id-3-elle-deviendra-lid-3-neo\/"},"modified":"2026-03-13T19:05:30","modified_gmt":"2026-03-13T18:05:30","slug":"volkswagen-va-rebaptiser-sa-compacte-electrique-id-3-elle-deviendra-lid-3-neo","status":"publish","type":"post","link":"https:\/\/www.evearly.news\/fr\/volkswagen-va-rebaptiser-sa-compacte-electrique-id-3-elle-deviendra-lid-3-neo\/","title":{"rendered":"Volkswagen va rebaptiser sa compacte \u00e9lectrique ID.3\u00a0: elle deviendra l\u2019ID.3 Neo"},"content":{"rendered":"<p><img loading=\"lazy\" width=\"1920\" height=\"1280\" src=\"https:\/\/www.evearly.news\/fr\/wp-content\/uploads\/sites\/6\/2026\/03\/volkswagen-va-rebaptiser-sa-compacte-electrique-id-3-elle-deviendra-lid-3-neo.jpg\" class=\"attachment-full size-full wp-post-image\" alt=\"Id.3\" decoding=\"async\" srcset=\"https:\/\/www.evearly.news\/fr\/wp-content\/uploads\/sites\/6\/2026\/03\/volkswagen-va-rebaptiser-sa-compacte-electrique-id-3-elle-deviendra-lid-3-neo.jpg 1920w, https:\/\/www.evearly.news\/fr\/wp-content\/uploads\/sites\/6\/2026\/03\/volkswagen-va-rebaptiser-sa-compacte-electrique-id-3-elle-deviendra-lid-3-neo-1.jpg 384w, https:\/\/www.evearly.news\/fr\/wp-content\/uploads\/sites\/6\/2026\/03\/volkswagen-va-rebaptiser-sa-compacte-electrique-id-3-elle-deviendra-lid-3-neo-2.jpg 880w, https:\/\/www.evearly.news\/fr\/wp-content\/uploads\/sites\/6\/2026\/03\/volkswagen-va-rebaptiser-sa-compacte-electrique-id-3-elle-deviendra-lid-3-neo-3.jpg 50w, https:\/\/www.evearly.news\/fr\/wp-content\/uploads\/sites\/6\/2026\/03\/volkswagen-va-rebaptiser-sa-compacte-electrique-id-3-elle-deviendra-lid-3-neo-4.jpg 640w, https:\/\/www.evearly.news\/fr\/wp-content\/uploads\/sites\/6\/2026\/03\/volkswagen-va-rebaptiser-sa-compacte-electrique-id-3-elle-deviendra-lid-3-neo-5.jpg 1280w, https:\/\/www.presse-citron.net\/app\/uploads\/2026\/03\/ID.3-1632x1088.jpg 1632w\" sizes=\"auto, (max-width: 1920px) 100vw, 1920px\"><\/p>\n<p>Le constructeur allemand veut redonner de l\u2019\u00e9lan \u00e0 sa compacte \u00e9lectrique. Longtemps dominant sur ce segment avec la Golf thermique, Volkswagen esp\u00e9rait que l\u2019ID.3 reprenne le flambeau, mais elle n&rsquo;a jamais vraiment trouv\u00e9 sa place : sa mise \u00e0 jour est aujourd&rsquo;hui indispensable.<a href=\"https:\/\/www.presse-citron.net\/volkswagen-rebaptiser-compacte-electrique-id-3-deviendra-lid-3-neo\/\" target=blank> Lire la suite&#8230;<\/a><\/p>\n","protected":false},"excerpt":{"rendered":"<p>Le constructeur allemand veut redonner de l\u2019\u00e9lan \u00e0 sa compacte \u00e9lectrique. Longtemps dominant sur ce segment avec la Golf thermique, Volkswagen esp\u00e9rait que l\u2019ID.3 reprenne le flambeau, mais elle n&rsquo;a jamais vraiment trouv\u00e9 sa place : sa mise \u00e0 jour est aujourd&rsquo;hui indispensable&#8230;. <a class=\"continue-reading-link\" href=\"https:\/\/www.evearly.news\/fr\/volkswagen-va-rebaptiser-sa-compacte-electrique-id-3-elle-deviendra-lid-3-neo\/\"><\/a><\/p>\n","protected":false},"author":18,"featured_media":318793,"comment_status":"closed","ping_status":"open","sticky":false,"template":"Default","format":"standard","meta":{"footnotes":""},"categories":[19],"tags":[],"class_list":["post-318792","post","type-post","status-publish","format-standard","has-post-thumbnail","hentry","category-presse-citron"],"_links":{"self":[{"href":"https:\/\/www.evearly.news\/fr\/wp-json\/wp\/v2\/posts\/318792","targetHints":{"allow":["GET"]}}],"collection":[{"href":"https:\/\/www.evearly.news\/fr\/wp-json\/wp\/v2\/posts"}],"about":[{"href":"https:\/\/www.evearly.news\/fr\/wp-json\/wp\/v2\/types\/post"}],"author":[{"embeddable":true,"href":"https:\/\/www.evearly.news\/fr\/wp-json\/wp\/v2\/users\/18"}],"replies":[{"embeddable":true,"href":"https:\/\/www.evearly.news\/fr\/wp-json\/wp\/v2\/comments?post=318792"}],"version-history":[{"count":0,"href":"https:\/\/www.evearly.news\/fr\/wp-json\/wp\/v2\/posts\/318792\/revisions"}],"wp:featuredmedia":[{"embeddable":true,"href":"https:\/\/www.evearly.news\/fr\/wp-json\/wp\/v2\/media\/318793"}],"wp:attachment":[{"href":"https:\/\/www.evearly.news\/fr\/wp-json\/wp\/v2\/media?parent=318792"}],"wp:term":[{"taxonomy":"category","embeddable":true,"href":"https:\/\/www.evearly.news\/fr\/wp-json\/wp\/v2\/categories?post=318792"},{"taxonomy":"post_tag","embeddable":true,"href":"https:\/\/www.evearly.news\/fr\/wp-json\/wp\/v2\/tags?post=318792"}],"curies":[{"name":"wp","href":"https:\/\/api.w.org\/{rel}","templated":true}]}}