{"id":318794,"date":"2026-03-13T19:06:01","date_gmt":"2026-03-13T18:06:01","guid":{"rendered":"https:\/\/www.evearly.news\/fr\/uber-lance-elite-a-lheure-ou-les-taxis-volants-vont-decoller\/"},"modified":"2026-03-13T19:06:01","modified_gmt":"2026-03-13T18:06:01","slug":"uber-lance-elite-a-lheure-ou-les-taxis-volants-vont-decoller","status":"publish","type":"post","link":"https:\/\/www.evearly.news\/fr\/uber-lance-elite-a-lheure-ou-les-taxis-volants-vont-decoller\/","title":{"rendered":"Uber lance \u00ab\u00a0Elite\u00a0\u00bb \u00e0 l\u2019heure o\u00f9 les taxis volants vont d\u00e9coller"},"content":{"rendered":"<p><img width=\"1919\" height=\"1280\" src=\"https:\/\/www.evearly.news\/fr\/wp-content\/uploads\/sites\/6\/2026\/03\/uber-lance-elite-a-lheure-ou-les-taxis-volants-vont-decoller.jpg\" class=\"attachment-full size-full wp-post-image\" alt=\"Uber\" decoding=\"async\" loading=\"lazy\" srcset=\"https:\/\/www.evearly.news\/fr\/wp-content\/uploads\/sites\/6\/2026\/03\/uber-lance-elite-a-lheure-ou-les-taxis-volants-vont-decoller.jpg 1919w, https:\/\/www.evearly.news\/fr\/wp-content\/uploads\/sites\/6\/2026\/03\/uber-lance-elite-a-lheure-ou-les-taxis-volants-vont-decoller-1.jpg 384w, https:\/\/www.evearly.news\/fr\/wp-content\/uploads\/sites\/6\/2026\/03\/uber-lance-elite-a-lheure-ou-les-taxis-volants-vont-decoller-2.jpg 880w, https:\/\/www.evearly.news\/fr\/wp-content\/uploads\/sites\/6\/2026\/03\/uber-lance-elite-a-lheure-ou-les-taxis-volants-vont-decoller-3.jpg 50w, https:\/\/www.evearly.news\/fr\/wp-content\/uploads\/sites\/6\/2026\/03\/uber-lance-elite-a-lheure-ou-les-taxis-volants-vont-decoller-4.jpg 640w, https:\/\/www.evearly.news\/fr\/wp-content\/uploads\/sites\/6\/2026\/03\/uber-lance-elite-a-lheure-ou-les-taxis-volants-vont-decoller-5.jpg 1280w, https:\/\/www.presse-citron.net\/app\/uploads\/2026\/03\/Uber-1632x1089.jpg 1632w\" sizes=\"auto, (max-width: 1919px) 100vw, 1919px\"><\/p>\n<p>Uber va lancer une nouvelle offre pour ses clients exigeants : Elite. Un service luxueux \u00e0 l\u2019heure o\u00f9 la soci\u00e9t\u00e9 tente de se diversifier, notamment avec l\u2019arriv\u00e9e prochaine des transports a\u00e9riens.<a href=\"https:\/\/www.presse-citron.net\/uber-lance-elite-a-lheure-ou-les-taxis-volants-vont-decoller\/\" target=blank> Lire la suite&#8230;<\/a><\/p>\n","protected":false},"excerpt":{"rendered":"<p>Uber va lancer une nouvelle offre pour ses clients exigeants : Elite. Un service luxueux \u00e0 l\u2019heure o\u00f9 la soci\u00e9t\u00e9 tente de se diversifier, notamment avec l\u2019arriv\u00e9e prochaine des transports a\u00e9riens&#8230;. <a class=\"continue-reading-link\" href=\"https:\/\/www.evearly.news\/fr\/uber-lance-elite-a-lheure-ou-les-taxis-volants-vont-decoller\/\"><\/a><\/p>\n","protected":false},"author":18,"featured_media":318795,"comment_status":"closed","ping_status":"open","sticky":false,"template":"Default","format":"standard","meta":{"footnotes":""},"categories":[19],"tags":[],"class_list":["post-318794","post","type-post","status-publish","format-standard","has-post-thumbnail","hentry","category-presse-citron"],"_links":{"self":[{"href":"https:\/\/www.evearly.news\/fr\/wp-json\/wp\/v2\/posts\/318794","targetHints":{"allow":["GET"]}}],"collection":[{"href":"https:\/\/www.evearly.news\/fr\/wp-json\/wp\/v2\/posts"}],"about":[{"href":"https:\/\/www.evearly.news\/fr\/wp-json\/wp\/v2\/types\/post"}],"author":[{"embeddable":true,"href":"https:\/\/www.evearly.news\/fr\/wp-json\/wp\/v2\/users\/18"}],"replies":[{"embeddable":true,"href":"https:\/\/www.evearly.news\/fr\/wp-json\/wp\/v2\/comments?post=318794"}],"version-history":[{"count":0,"href":"https:\/\/www.evearly.news\/fr\/wp-json\/wp\/v2\/posts\/318794\/revisions"}],"wp:featuredmedia":[{"embeddable":true,"href":"https:\/\/www.evearly.news\/fr\/wp-json\/wp\/v2\/media\/318795"}],"wp:attachment":[{"href":"https:\/\/www.evearly.news\/fr\/wp-json\/wp\/v2\/media?parent=318794"}],"wp:term":[{"taxonomy":"category","embeddable":true,"href":"https:\/\/www.evearly.news\/fr\/wp-json\/wp\/v2\/categories?post=318794"},{"taxonomy":"post_tag","embeddable":true,"href":"https:\/\/www.evearly.news\/fr\/wp-json\/wp\/v2\/tags?post=318794"}],"curies":[{"name":"wp","href":"https:\/\/api.w.org\/{rel}","templated":true}]}}