{"id":318802,"date":"2026-03-13T19:09:06","date_gmt":"2026-03-13T18:09:06","guid":{"rendered":"https:\/\/www.evearly.news\/fr\/la-denza-z9gt-de-byd-arrive-bientot-en-france-tout-savoir-sur-cette-voiture-electrique-de-960-ch-qui-se-recharge-en-5-minutes\/"},"modified":"2026-03-13T19:09:06","modified_gmt":"2026-03-13T18:09:06","slug":"la-denza-z9gt-de-byd-arrive-bientot-en-france-tout-savoir-sur-cette-voiture-electrique-de-960-ch-qui-se-recharge-en-5-minutes","status":"publish","type":"post","link":"https:\/\/www.evearly.news\/fr\/la-denza-z9gt-de-byd-arrive-bientot-en-france-tout-savoir-sur-cette-voiture-electrique-de-960-ch-qui-se-recharge-en-5-minutes\/","title":{"rendered":"La Denza Z9GT de BYD arrive bient\u00f4t en France : tout savoir sur cette voiture \u00e9lectrique de 960 ch qui se recharge en 5 minutes"},"content":{"rendered":"<p><img width=\"1200\" height=\"675\" src=\"https:\/\/www.evearly.news\/fr\/wp-content\/uploads\/sites\/6\/2026\/03\/la-denza-z9gt-de-byd-arrive-bientot-en-france-tout-savoir-sur-cette-voiture-electrique-de-960-ch-qui-se-recharge-en-5-minutes.jpg\" class=\"attachment-full size-full wp-post-image\" alt=\"\" decoding=\"async\" loading=\"lazy\" \/<br \/>\nBYD pr\u00e9pare l&rsquo;arriv\u00e9e de Denza, sa marque premium, en Europe. De quoi officialiser plus de d\u00e9tails sur la Denza Z9GT, sa premi\u00e8re voiture \u00e9lectrique, notamment ses puissances et son autonomie&#8230; sans oublier sa recharge int\u00e9grale en 9 minutes.<br \/>\n <a href=https:\/\/www.frandroid.com\/marques\/denza\/3012769_la-denza-z9gt-de-byd-arrive-bientot-en-france-tout-savoir-sur-cette-voiture-electrique-de-960-ch-qui-se-recharge-en-5-minutes target='blank'>Lire la suite&#8230;<\/a><\/p>\n","protected":false},"excerpt":{"rendered":"<p>&lt;img width=&quot;1200&quot; height=&quot;675&quot; src=&quot;https:\/\/www.evearly.news\/fr\/wp-content\/uploads\/sites\/6\/2026\/03\/la-denza-z9gt-de-byd-arrive-bientot-en-france-tout-savoir-sur-cette-voiture-electrique-de-960-ch-qui-se-recharge-en-5-minutes.jpg&quot; class=&quot;attachment-full size-full wp-post-image&quot; alt=&quot;&quot; decoding=&quot;async&quot; loading=&quot;lazy&quot; \/<br \/>\nBYD pr\u00e9pare l&rsquo;arriv\u00e9e de Denza, sa marque premium, en Europe. De quoi officialiser plus de d\u00e9tails sur la Denza Z9GT, sa premi\u00e8re voiture \u00e9lectrique, notamment ses puissances et son autonomie&#8230; sans oublier sa recharge int\u00e9grale en 9 minutes.\n<\/p>\n<p> <a class=\"continue-reading-link\" href=\"https:\/\/www.evearly.news\/fr\/la-denza-z9gt-de-byd-arrive-bientot-en-france-tout-savoir-sur-cette-voiture-electrique-de-960-ch-qui-se-recharge-en-5-minutes\/\"><\/a><\/p>\n","protected":false},"author":6,"featured_media":318803,"comment_status":"closed","ping_status":"open","sticky":false,"template":"Default","format":"standard","meta":{"footnotes":""},"categories":[14],"tags":[],"class_list":["post-318802","post","type-post","status-publish","format-standard","has-post-thumbnail","hentry","category-frandroid"],"_links":{"self":[{"href":"https:\/\/www.evearly.news\/fr\/wp-json\/wp\/v2\/posts\/318802","targetHints":{"allow":["GET"]}}],"collection":[{"href":"https:\/\/www.evearly.news\/fr\/wp-json\/wp\/v2\/posts"}],"about":[{"href":"https:\/\/www.evearly.news\/fr\/wp-json\/wp\/v2\/types\/post"}],"author":[{"embeddable":true,"href":"https:\/\/www.evearly.news\/fr\/wp-json\/wp\/v2\/users\/6"}],"replies":[{"embeddable":true,"href":"https:\/\/www.evearly.news\/fr\/wp-json\/wp\/v2\/comments?post=318802"}],"version-history":[{"count":0,"href":"https:\/\/www.evearly.news\/fr\/wp-json\/wp\/v2\/posts\/318802\/revisions"}],"wp:featuredmedia":[{"embeddable":true,"href":"https:\/\/www.evearly.news\/fr\/wp-json\/wp\/v2\/media\/318803"}],"wp:attachment":[{"href":"https:\/\/www.evearly.news\/fr\/wp-json\/wp\/v2\/media?parent=318802"}],"wp:term":[{"taxonomy":"category","embeddable":true,"href":"https:\/\/www.evearly.news\/fr\/wp-json\/wp\/v2\/categories?post=318802"},{"taxonomy":"post_tag","embeddable":true,"href":"https:\/\/www.evearly.news\/fr\/wp-json\/wp\/v2\/tags?post=318802"}],"curies":[{"name":"wp","href":"https:\/\/api.w.org\/{rel}","templated":true}]}}