{"id":318804,"date":"2026-03-13T19:09:30","date_gmt":"2026-03-13T18:09:30","guid":{"rendered":"https:\/\/www.evearly.news\/fr\/ford-recupere-la-nouvelle-batterie-de-volkswagen-pour-son-suv-capri-autonomie-en-hausse-et-android-a-bord\/"},"modified":"2026-03-13T19:09:30","modified_gmt":"2026-03-13T18:09:30","slug":"ford-recupere-la-nouvelle-batterie-de-volkswagen-pour-son-suv-capri-autonomie-en-hausse-et-android-a-bord","status":"publish","type":"post","link":"https:\/\/www.evearly.news\/fr\/ford-recupere-la-nouvelle-batterie-de-volkswagen-pour-son-suv-capri-autonomie-en-hausse-et-android-a-bord\/","title":{"rendered":"Ford r\u00e9cup\u00e8re la nouvelle batterie de Volkswagen pour son SUV Capri : autonomie en hausse et Android \u00e0 bord"},"content":{"rendered":"<p><img width=\"1200\" height=\"675\" src=\"https:\/\/www.evearly.news\/fr\/wp-content\/uploads\/sites\/6\/2026\/03\/ford-recupere-la-nouvelle-batterie-de-volkswagen-pour-son-suv-capri-autonomie-en-hausse-et-android-a-bord.jpg\" class=\"attachment-full size-full wp-post-image\" alt=\"\" decoding=\"async\" loading=\"lazy\" \/<br \/>\nDiscret sur le march\u00e9 de l\u2019\u00e9lectrique, Ford vient de moderniser son SUV fastback Capri. Au programme : une nouvelle batterie pour la version d\u2019entr\u00e9e de gamme, augmentant l\u2019autonomie, ainsi que de nouveaux \u00e9quipements \u00e0 bord. De petites \u00e9volutions qui permettent au Ford Capri de franchir un cap.<br \/>\n <a href=https:\/\/www.frandroid.com\/marques\/ford\/3012161_ford-recupere-la-nouvelle-batterie-de-volkswagen-pour-son-suv-capri-autonomie-en-hausse-et-android-a-bord target='blank'>Lire la suite&#8230;<\/a><\/p>\n","protected":false},"excerpt":{"rendered":"<p>&lt;img width=&quot;1200&quot; height=&quot;675&quot; src=&quot;https:\/\/www.evearly.news\/fr\/wp-content\/uploads\/sites\/6\/2026\/03\/ford-recupere-la-nouvelle-batterie-de-volkswagen-pour-son-suv-capri-autonomie-en-hausse-et-android-a-bord.jpg&quot; class=&quot;attachment-full size-full wp-post-image&quot; alt=&quot;&quot; decoding=&quot;async&quot; loading=&quot;lazy&quot; \/<br \/>\nDiscret sur le march\u00e9 de l\u2019\u00e9lectrique, Ford vient de moderniser son SUV fastback Capri. Au programme : une nouvelle batterie pour la version d\u2019entr\u00e9e de gamme, augmentant l\u2019autonomie, ainsi que de nouveaux \u00e9quipements \u00e0 bord. De petites \u00e9volutions qui permettent au Ford Capri de franchir un cap.\n<\/p>\n<p> <a class=\"continue-reading-link\" href=\"https:\/\/www.evearly.news\/fr\/ford-recupere-la-nouvelle-batterie-de-volkswagen-pour-son-suv-capri-autonomie-en-hausse-et-android-a-bord\/\"><\/a><\/p>\n","protected":false},"author":6,"featured_media":318805,"comment_status":"closed","ping_status":"open","sticky":false,"template":"Default","format":"standard","meta":{"footnotes":""},"categories":[14],"tags":[],"class_list":["post-318804","post","type-post","status-publish","format-standard","has-post-thumbnail","hentry","category-frandroid"],"_links":{"self":[{"href":"https:\/\/www.evearly.news\/fr\/wp-json\/wp\/v2\/posts\/318804","targetHints":{"allow":["GET"]}}],"collection":[{"href":"https:\/\/www.evearly.news\/fr\/wp-json\/wp\/v2\/posts"}],"about":[{"href":"https:\/\/www.evearly.news\/fr\/wp-json\/wp\/v2\/types\/post"}],"author":[{"embeddable":true,"href":"https:\/\/www.evearly.news\/fr\/wp-json\/wp\/v2\/users\/6"}],"replies":[{"embeddable":true,"href":"https:\/\/www.evearly.news\/fr\/wp-json\/wp\/v2\/comments?post=318804"}],"version-history":[{"count":0,"href":"https:\/\/www.evearly.news\/fr\/wp-json\/wp\/v2\/posts\/318804\/revisions"}],"wp:featuredmedia":[{"embeddable":true,"href":"https:\/\/www.evearly.news\/fr\/wp-json\/wp\/v2\/media\/318805"}],"wp:attachment":[{"href":"https:\/\/www.evearly.news\/fr\/wp-json\/wp\/v2\/media?parent=318804"}],"wp:term":[{"taxonomy":"category","embeddable":true,"href":"https:\/\/www.evearly.news\/fr\/wp-json\/wp\/v2\/categories?post=318804"},{"taxonomy":"post_tag","embeddable":true,"href":"https:\/\/www.evearly.news\/fr\/wp-json\/wp\/v2\/tags?post=318804"}],"curies":[{"name":"wp","href":"https:\/\/api.w.org\/{rel}","templated":true}]}}