{"id":318808,"date":"2026-03-13T19:28:24","date_gmt":"2026-03-13T18:28:24","guid":{"rendered":"https:\/\/www.evearly.news\/fr\/jaecoo-5-et-7-des-tarifs-agressifs-pour-ces-deux-nouveaux-suv-hybrides-vendus-en-france\/"},"modified":"2026-03-13T19:28:24","modified_gmt":"2026-03-13T18:28:24","slug":"jaecoo-5-et-7-des-tarifs-agressifs-pour-ces-deux-nouveaux-suv-hybrides-vendus-en-france","status":"publish","type":"post","link":"https:\/\/www.evearly.news\/fr\/jaecoo-5-et-7-des-tarifs-agressifs-pour-ces-deux-nouveaux-suv-hybrides-vendus-en-france\/","title":{"rendered":"Jaecoo 5 et 7 : des tarifs agressifs pour ces deux nouveaux SUV hybrides vendus en France"},"content":{"rendered":"<p><img decoding=\"async\" width=\"500\" height=\"333\" src=\"https:\/\/cdn.automobile-propre.com\/uploads\/2026\/02\/\u00a9Nass-M.-Essai-Jaecoo-7-SHS-P-3-1536x1024.jpg\" class=\"attachment-1200x800 size-1200x800 wp-post-image\" alt=\"Jaecoo 7 SHS-P\" loading=\"lazy\" srcset=\"https:\/\/cdn.automobile-propre.com\/uploads\/2026\/02\/\u00a9Nass-M.-Essai-Jaecoo-7-SHS-P-3-1536x1024.jpg 1536w, https:\/\/cdn.automobile-propre.com\/uploads\/2026\/02\/\u00a9Nass-M.-Essai-Jaecoo-7-SHS-P-3-1640x1093.jpg 1640w, https:\/\/cdn.automobile-propre.com\/uploads\/2026\/02\/\u00a9Nass-M.-Essai-Jaecoo-7-SHS-P-3-1024x682.jpg 1024w, https:\/\/cdn.automobile-propre.com\/uploads\/2026\/02\/\u00a9Nass-M.-Essai-Jaecoo-7-SHS-P-3-140x93.jpg 140w, https:\/\/cdn.automobile-propre.com\/uploads\/2026\/02\/\u00a9Nass-M.-Essai-Jaecoo-7-SHS-P-3-768x512.jpg 768w, https:\/\/cdn.automobile-propre.com\/uploads\/2026\/02\/\u00a9Nass-M.-Essai-Jaecoo-7-SHS-P-3-700x467.jpg 700w, https:\/\/cdn.automobile-propre.com\/uploads\/2026\/02\/\u00a9Nass-M.-Essai-Jaecoo-7-SHS-P-3-960x640.jpg 960w, https:\/\/cdn.automobile-propre.com\/uploads\/2026\/02\/\u00a9Nass-M.-Essai-Jaecoo-7-SHS-P-3-100x66.jpg 100w, https:\/\/cdn.automobile-propre.com\/uploads\/2026\/02\/\u00a9Nass-M.-Essai-Jaecoo-7-SHS-P-3.jpg 2000w\" sizes=\"auto, (max-width: 1200px) 100vw, 1200px\" \/><br \/>\nL&rsquo;offre chinoise s&rsquo;\u00e9toffe au fil des mois sur le march\u00e9 fran\u00e7ais. Il sera bient\u00f4t possible de passer commande pour les\u2026\u00a0<a href=https:\/\/www.automobile-propre.com\/articles\/jaecoo-5-et-7-des-tarifs-tres-agressifs-pour-ces-deux-nouveaux-suv-hybrides-vendus-en-france\/ target='bwindow'>Lire la suite&#8230;<\/a><\/p>\n","protected":false},"excerpt":{"rendered":"<p>&#8230; <a class=\"continue-reading-link\" href=\"https:\/\/www.evearly.news\/fr\/jaecoo-5-et-7-des-tarifs-agressifs-pour-ces-deux-nouveaux-suv-hybrides-vendus-en-france\/\"><\/a><\/p>\n","protected":false},"author":8,"featured_media":0,"comment_status":"closed","ping_status":"open","sticky":false,"template":"Default","format":"standard","meta":{"footnotes":""},"categories":[8],"tags":[],"class_list":["post-318808","post","type-post","status-publish","format-standard","hentry","category-automobile-propre"],"_links":{"self":[{"href":"https:\/\/www.evearly.news\/fr\/wp-json\/wp\/v2\/posts\/318808","targetHints":{"allow":["GET"]}}],"collection":[{"href":"https:\/\/www.evearly.news\/fr\/wp-json\/wp\/v2\/posts"}],"about":[{"href":"https:\/\/www.evearly.news\/fr\/wp-json\/wp\/v2\/types\/post"}],"author":[{"embeddable":true,"href":"https:\/\/www.evearly.news\/fr\/wp-json\/wp\/v2\/users\/8"}],"replies":[{"embeddable":true,"href":"https:\/\/www.evearly.news\/fr\/wp-json\/wp\/v2\/comments?post=318808"}],"version-history":[{"count":0,"href":"https:\/\/www.evearly.news\/fr\/wp-json\/wp\/v2\/posts\/318808\/revisions"}],"wp:attachment":[{"href":"https:\/\/www.evearly.news\/fr\/wp-json\/wp\/v2\/media?parent=318808"}],"wp:term":[{"taxonomy":"category","embeddable":true,"href":"https:\/\/www.evearly.news\/fr\/wp-json\/wp\/v2\/categories?post=318808"},{"taxonomy":"post_tag","embeddable":true,"href":"https:\/\/www.evearly.news\/fr\/wp-json\/wp\/v2\/tags?post=318808"}],"curies":[{"name":"wp","href":"https:\/\/api.w.org\/{rel}","templated":true}]}}